{"id":801,"date":"2025-07-14T18:09:42","date_gmt":"2025-07-14T21:09:42","guid":{"rendered":"https:\/\/guapimirim.rj.gov.br\/novosite\/?p=801"},"modified":"2025-07-16T22:05:43","modified_gmt":"2025-07-17T01:05:43","slug":"mauro-motta-e-o-grande-homenageado-do-vii-festival-de-inverno-de-guapimirim","status":"publish","type":"post","link":"https:\/\/guapimirim.rj.gov.br\/novosite\/mauro-motta-e-o-grande-homenageado-do-vii-festival-de-inverno-de-guapimirim\/","title":{"rendered":"Mauro Motta \u00e9 o grande homenageado do VII Festival de Inverno de Guapimirim"},"content":{"rendered":"\n<p>Entre os dias&nbsp;24 de julho e 03 de agosto, a Cidade do Dedo de Deus se transformar\u00e1 no palco tur\u00edstico do inverno da Regi\u00e3o da Serra Verde Imperial. Os turistas, que tradicionalmente buscam o calor das praias do Rio de Janeiro, no per\u00edodo de frio poder\u00e3o se refugiar no Festival de Inverno de Guapimirim. Ser\u00e3o 11 dias de muitas atra\u00e7\u00f5es gratuitas, reunindo v\u00e1rias linguagens art\u00edsticas como m\u00fasica, teatro, artesanato, artes visuais e literatura.<\/p>\n\n\n\n<p>Mais uma vez, a programa\u00e7\u00e3o contemplar\u00e1 diferentes bairros da cidade, com uma s\u00e9rie de atividades completamente gratuitas. Al\u00e9m disso, o evento coloca Guapimirim como refer\u00eancia de roteiro tur\u00edstico de festivais no Estado do Rio de Janeiro e, tamb\u00e9m, resgata a hist\u00f3ria cultural, art\u00edstica e tur\u00edstica do munic\u00edpio, dando visibilidade \u00e0s produ\u00e7\u00f5es locais e refor\u00e7ando a sua identidade cultural.<\/p>\n\n\n\n<p>Em sua s\u00e9tima edi\u00e7\u00e3o, o evento homenagear\u00e1 o renomado compositor, produtor musical e arranjador&nbsp;Mauro Motta. Sua obra ser\u00e1 celebrada por artistas de diferentes linguagens, levando os mun\u00edcipes, visitantes e turistas a conhecerem um pouco da vida e obra deste grande representante da m\u00fasica popular brasileira que escolheu Guapimirim para viver e seguir criando a sua arte.<\/p>\n\n\n\n<p>Na programa\u00e7\u00e3o, o espet\u00e1culo \u201cRaul Seixas &#8211; O Musical\u201d contar\u00e1 a hist\u00f3ria do \u201cmaluco beleza\u201d que tamb\u00e9m tem sua trajet\u00f3ria musical escrita nas diversas composi\u00e7\u00f5es em parceria com Mauro. Na exposi\u00e7\u00e3o fotogr\u00e1fica, na Pra\u00e7a Jardim da Cotia, o p\u00fablico poder\u00e1 conhecer um pouco mais de suas produ\u00e7\u00f5es musicais nos \u00e1lbuns de Roberto Carlos e do grupo Bal\u00e3o M\u00e1gico, as parcerias com S\u00e9rgio Valle e Jane Duboc, al\u00e9m da conquista de dois Grammys Latinos.<\/p>\n\n\n\n<p>Aproveite a temporada de f\u00e9rias em nossa cidade, consulte nossos guias e ag\u00eancias e conhe\u00e7a as maravilhas naturais de Guapimirim!<\/p>\n\n\n\n<p>O 7\u00ba Festival de Inverno de Guapimirim \u00e9 uma realiza\u00e7\u00e3o da Secretaria Municipal de Turismo, da Prefeitura de Guapimirim\/RJ.<\/p>\n\n\n\n<p>A programa\u00e7\u00e3o completa do Festival, bem como as classifica\u00e7\u00f5es, lota\u00e7\u00e3o e mais detalhes voc\u00ea encontra aqui em<a href=\"https:\/\/www.festivaisdeguapimirim.com.br\/\"> festivaisdeguapimirim.com.br<\/a><\/p>\n\n\n\n<p><\/p>\n","protected":false},"excerpt":{"rendered":"<p>Entre os dias&nbsp;24 de julho e 03 de agosto, a Cidade do Dedo de Deus se transformar\u00e1 no palco tur\u00edstico do inverno da Regi\u00e3o da Serra Verde Imperial. Os turistas, que tradicionalmente buscam o calor das praias do Rio de Janeiro, no per\u00edodo de frio poder\u00e3o se refugiar no Festival de Inverno de Guapimirim. Ser\u00e3o [&hellip;]<\/p>\n","protected":false},"author":1,"featured_media":802,"comment_status":"open","ping_status":"open","sticky":false,"template":"","format":"standard","meta":{"footnotes":""},"categories":[33,27],"tags":[],"class_list":["post-801","post","type-post","status-publish","format-standard","has-post-thumbnail","hentry","category-destaque","category-turismo"],"_links":{"self":[{"href":"https:\/\/guapimirim.rj.gov.br\/novosite\/wp-json\/wp\/v2\/posts\/801","targetHints":{"allow":["GET"]}}],"collection":[{"href":"https:\/\/guapimirim.rj.gov.br\/novosite\/wp-json\/wp\/v2\/posts"}],"about":[{"href":"https:\/\/guapimirim.rj.gov.br\/novosite\/wp-json\/wp\/v2\/types\/post"}],"author":[{"embeddable":true,"href":"https:\/\/guapimirim.rj.gov.br\/novosite\/wp-json\/wp\/v2\/users\/1"}],"replies":[{"embeddable":true,"href":"https:\/\/guapimirim.rj.gov.br\/novosite\/wp-json\/wp\/v2\/comments?post=801"}],"version-history":[{"count":1,"href":"https:\/\/guapimirim.rj.gov.br\/novosite\/wp-json\/wp\/v2\/posts\/801\/revisions"}],"predecessor-version":[{"id":803,"href":"https:\/\/guapimirim.rj.gov.br\/novosite\/wp-json\/wp\/v2\/posts\/801\/revisions\/803"}],"wp:featuredmedia":[{"embeddable":true,"href":"https:\/\/guapimirim.rj.gov.br\/novosite\/wp-json\/wp\/v2\/media\/802"}],"wp:attachment":[{"href":"https:\/\/guapimirim.rj.gov.br\/novosite\/wp-json\/wp\/v2\/media?parent=801"}],"wp:term":[{"taxonomy":"category","embeddable":true,"href":"https:\/\/guapimirim.rj.gov.br\/novosite\/wp-json\/wp\/v2\/categories?post=801"},{"taxonomy":"post_tag","embeddable":true,"href":"https:\/\/guapimirim.rj.gov.br\/novosite\/wp-json\/wp\/v2\/tags?post=801"}],"curies":[{"name":"wp","href":"https:\/\/api.w.org\/{rel}","templated":true}]}}