{"id":4212,"date":"2026-04-14T14:28:01","date_gmt":"2026-04-14T17:28:01","guid":{"rendered":"https:\/\/guapimirim.rj.gov.br\/novosite\/?p=4212"},"modified":"2026-04-14T14:28:01","modified_gmt":"2026-04-14T17:28:01","slug":"guapimirim-inaugura-sala-de-fisioterapia-no-vale-das-pedrinhas-e-amplia-acesso-a-reabilitacao","status":"publish","type":"post","link":"https:\/\/guapimirim.rj.gov.br\/novosite\/guapimirim-inaugura-sala-de-fisioterapia-no-vale-das-pedrinhas-e-amplia-acesso-a-reabilitacao\/","title":{"rendered":"Guapimirim inaugura sala de fisioterapia no Vale das Pedrinhas e amplia acesso \u00e0 reabilita\u00e7\u00e3o"},"content":{"rendered":"<p data-start=\"242\" data-end=\"500\">A Prefeitura de Guapimirim inaugurou hoje<\/p>\n<div id='gallery-1' class='gallery galleryid-4212 gallery-columns-3 gallery-size-large'><figure class='gallery-item'>\n\t\t\t<div class='gallery-icon landscape'>\n\t\t\t\t<img fetchpriority=\"high\" decoding=\"async\" width=\"570\" height=\"420\" src=\"https:\/\/guapimirim.rj.gov.br\/novosite\/wp-content\/uploads\/2026\/04\/fisio2.jpg\" class=\"attachment-large size-large\" alt=\"\" srcset=\"https:\/\/guapimirim.rj.gov.br\/novosite\/wp-content\/uploads\/2026\/04\/fisio2.jpg 570w, https:\/\/guapimirim.rj.gov.br\/novosite\/wp-content\/uploads\/2026\/04\/fisio2-300x221.jpg 300w\" sizes=\"(max-width: 570px) 100vw, 570px\" \/>\n\t\t\t<\/div><\/figure><figure class='gallery-item'>\n\t\t\t<div class='gallery-icon landscape'>\n\t\t\t\t<img decoding=\"async\" width=\"570\" height=\"420\" src=\"https:\/\/guapimirim.rj.gov.br\/novosite\/wp-content\/uploads\/2026\/04\/fisio3.jpg\" class=\"attachment-large size-large\" alt=\"\" srcset=\"https:\/\/guapimirim.rj.gov.br\/novosite\/wp-content\/uploads\/2026\/04\/fisio3.jpg 570w, https:\/\/guapimirim.rj.gov.br\/novosite\/wp-content\/uploads\/2026\/04\/fisio3-300x221.jpg 300w\" sizes=\"(max-width: 570px) 100vw, 570px\" \/>\n\t\t\t<\/div><\/figure><figure class='gallery-item'>\n\t\t\t<div class='gallery-icon landscape'>\n\t\t\t\t<img decoding=\"async\" width=\"570\" height=\"420\" src=\"https:\/\/guapimirim.rj.gov.br\/novosite\/wp-content\/uploads\/2026\/04\/fisio4.jpg\" class=\"attachment-large size-large\" alt=\"\" srcset=\"https:\/\/guapimirim.rj.gov.br\/novosite\/wp-content\/uploads\/2026\/04\/fisio4.jpg 570w, https:\/\/guapimirim.rj.gov.br\/novosite\/wp-content\/uploads\/2026\/04\/fisio4-300x221.jpg 300w\" sizes=\"(max-width: 570px) 100vw, 570px\" \/>\n\t\t\t<\/div><\/figure>\n\t\t<\/div>\n\n<p data-start=\"242\" data-end=\"500\">, uma nova sala de fisioterapia na Cl\u00ednica de Sa\u00fade do Vale das Pedrinhas, ampliando o acesso da popula\u00e7\u00e3o a tratamentos de reabilita\u00e7\u00e3o f\u00edsica e promovendo mais qualidade de vida para os moradores da regi\u00e3o.<\/p>\n<p data-start=\"502\" data-end=\"915\">O novo espa\u00e7o foi estruturado para oferecer atendimento completo, com equipamentos adequados para diferentes tipos de tratamento. Entre os recursos dispon\u00edveis est\u00e3o bicicleta ergom\u00e9trica, esteira para reabilita\u00e7\u00e3o, barras de apoio para exerc\u00edcios funcionais, al\u00e9m de acess\u00f3rios como faixas el\u00e1sticas, bolas terap\u00eauticas e pesos, fundamentais para o fortalecimento muscular e recupera\u00e7\u00e3o de movimentos.<\/p>\n<p data-start=\"917\" data-end=\"1131\">A unidade tamb\u00e9m conta com maca para atendimentos cl\u00ednicos, materiais de apoio para exerc\u00edcios de equil\u00edbrio e coordena\u00e7\u00e3o motora, al\u00e9m de ambiente climatizado, garantindo conforto aos pacientes durante as sess\u00f5es.<\/p>\n<p data-start=\"1133\" data-end=\"1278\">A iniciativa visa descentralizar os servi\u00e7os de sa\u00fade e facilitar o acesso da popula\u00e7\u00e3o, evitando deslocamentos para o centro.<\/p>\n<p data-start=\"1280\" data-end=\"1464\">Segundo a Prefeitura, a implanta\u00e7\u00e3o da sala representa mais um avan\u00e7o na aten\u00e7\u00e3o b\u00e1sica e especializada, refor\u00e7ando o compromisso com a sa\u00fade preventiva e a reabilita\u00e7\u00e3o dos moradores.<\/p>\n<p data-start=\"1466\" data-end=\"1645\">\u201cEstamos levando mais dignidade e cuidado para perto das pessoas. Esse espa\u00e7o foi pensado para atender com qualidade e acolhimento quem mais precisa\u201d, destacou a prefeita Marina.<\/p>\n<p data-start=\"1647\" data-end=\"1888\">A expectativa \u00e9 que a nova estrutura contribua diretamente para a recupera\u00e7\u00e3o de pacientes em p\u00f3s-operat\u00f3rio, pessoas com les\u00f5es musculares, problemas ortop\u00e9dicos e outras condi\u00e7\u00f5es que necessitam de acompanhamento fisioterap\u00eautico cont\u00ednuo.<\/p>\n","protected":false},"excerpt":{"rendered":"<p>A Prefeitura de Guapimirim inaugurou hoje , uma nova sala de fisioterapia na Cl\u00ednica de Sa\u00fade do Vale das Pedrinhas, ampliando o acesso da popula\u00e7\u00e3o a tratamentos de reabilita\u00e7\u00e3o f\u00edsica e promovendo mais qualidade de vida para os moradores da regi\u00e3o. O novo espa\u00e7o foi estruturado para oferecer atendimento completo, com equipamentos adequados para diferentes [&hellip;]<\/p>\n","protected":false},"author":1,"featured_media":4216,"comment_status":"open","ping_status":"open","sticky":false,"template":"","format":"standard","meta":{"footnotes":""},"categories":[33,38,29],"tags":[55],"class_list":["post-4212","post","type-post","status-publish","format-standard","has-post-thumbnail","hentry","category-destaque","category-gabinete-da-prefeita","category-saude","tag-investimento-em-saude"],"_links":{"self":[{"href":"https:\/\/guapimirim.rj.gov.br\/novosite\/wp-json\/wp\/v2\/posts\/4212","targetHints":{"allow":["GET"]}}],"collection":[{"href":"https:\/\/guapimirim.rj.gov.br\/novosite\/wp-json\/wp\/v2\/posts"}],"about":[{"href":"https:\/\/guapimirim.rj.gov.br\/novosite\/wp-json\/wp\/v2\/types\/post"}],"author":[{"embeddable":true,"href":"https:\/\/guapimirim.rj.gov.br\/novosite\/wp-json\/wp\/v2\/users\/1"}],"replies":[{"embeddable":true,"href":"https:\/\/guapimirim.rj.gov.br\/novosite\/wp-json\/wp\/v2\/comments?post=4212"}],"version-history":[{"count":1,"href":"https:\/\/guapimirim.rj.gov.br\/novosite\/wp-json\/wp\/v2\/posts\/4212\/revisions"}],"predecessor-version":[{"id":4217,"href":"https:\/\/guapimirim.rj.gov.br\/novosite\/wp-json\/wp\/v2\/posts\/4212\/revisions\/4217"}],"wp:featuredmedia":[{"embeddable":true,"href":"https:\/\/guapimirim.rj.gov.br\/novosite\/wp-json\/wp\/v2\/media\/4216"}],"wp:attachment":[{"href":"https:\/\/guapimirim.rj.gov.br\/novosite\/wp-json\/wp\/v2\/media?parent=4212"}],"wp:term":[{"taxonomy":"category","embeddable":true,"href":"https:\/\/guapimirim.rj.gov.br\/novosite\/wp-json\/wp\/v2\/categories?post=4212"},{"taxonomy":"post_tag","embeddable":true,"href":"https:\/\/guapimirim.rj.gov.br\/novosite\/wp-json\/wp\/v2\/tags?post=4212"}],"curies":[{"name":"wp","href":"https:\/\/api.w.org\/{rel}","templated":true}]}}