{"id":3964,"date":"2026-03-18T14:55:17","date_gmt":"2026-03-18T17:55:17","guid":{"rendered":"https:\/\/guapimirim.rj.gov.br\/novosite\/?p=3964"},"modified":"2026-03-19T14:59:57","modified_gmt":"2026-03-19T17:59:57","slug":"prefeitura-avanca-com-obras-de-asfaltamento-e-pavimentacao-em-diversos-bairros","status":"publish","type":"post","link":"https:\/\/guapimirim.rj.gov.br\/novosite\/prefeitura-avanca-com-obras-de-asfaltamento-e-pavimentacao-em-diversos-bairros\/","title":{"rendered":"Prefeitura avan\u00e7a com obras de asfaltamento e pavimenta\u00e7\u00e3o em diversos bairros"},"content":{"rendered":"<p data-start=\"289\" data-end=\"505\">Com a melhora das condi\u00e7\u00f5es clim\u00e1ticas ap\u00f3s o per\u00edodo de chuvas intensas que marcou o p\u00f3s-Carnaval, a Prefeitura de Guapimirim iniciou uma nova etapa do cronograma de obras urbanas em diferentes regi\u00f5es do munic\u00edpio.<\/p>\n<p data-start=\"507\" data-end=\"707\">A primeira semana sem chuvas permitiu que as equipes, antes mobilizadas em a\u00e7\u00f5es emergenciais, passassem a atuar de forma cont\u00ednua nas interven\u00e7\u00f5es planejadas para melhorar a infraestrutura da cidade.<\/p>\n<p data-start=\"709\" data-end=\"992\">No bairro Vale das Pedrinhas, os trabalhos seguem em ritmo acelerado. M\u00e1quinas j\u00e1 atuam no asfaltamento das ruas 12, 13 e 14. Paralelamente, outras equipes realizam servi\u00e7os de melhoria nas ruas 1, 15, 21 e 47, garantindo melhores condi\u00e7\u00f5es de tr\u00e1fego e mobilidade para os moradores.<\/p>\n<p data-start=\"994\" data-end=\"1182\">Na localidade do Curral de Zinco, a rua 37 tamb\u00e9m est\u00e1 sendo beneficiada, com a aplica\u00e7\u00e3o de material para compacta\u00e7\u00e3o do solo.<\/p>\n<div id='gallery-1' class='gallery galleryid-3964 gallery-columns-2 gallery-size-full'><figure class='gallery-item'>\n\t\t\t<div class='gallery-icon landscape'>\n\t\t\t\t<img fetchpriority=\"high\" decoding=\"async\" width=\"864\" height=\"585\" src=\"https:\/\/guapimirim.rj.gov.br\/novosite\/wp-content\/uploads\/2026\/03\/Rua-37-s.jpg\" class=\"attachment-full size-full\" alt=\"\" aria-describedby=\"gallery-1-3966\" srcset=\"https:\/\/guapimirim.rj.gov.br\/novosite\/wp-content\/uploads\/2026\/03\/Rua-37-s.jpg 864w, https:\/\/guapimirim.rj.gov.br\/novosite\/wp-content\/uploads\/2026\/03\/Rua-37-s-300x203.jpg 300w, https:\/\/guapimirim.rj.gov.br\/novosite\/wp-content\/uploads\/2026\/03\/Rua-37-s-768x520.jpg 768w\" sizes=\"(max-width: 864px) 100vw, 864px\" \/>\n\t\t\t<\/div>\n\t\t\t\t<figcaption class='wp-caption-text gallery-caption' id='gallery-1-3966'>\n\t\t\t\tCompacta\u00e7\u00e3o na Rua 37\n\t\t\t\t<\/figcaption><\/figure><figure class='gallery-item'>\n\t\t\t<div class='gallery-icon landscape'>\n\t\t\t\t<img decoding=\"async\" width=\"648\" height=\"439\" src=\"https:\/\/guapimirim.rj.gov.br\/novosite\/wp-content\/uploads\/2026\/03\/Rua-Jose-Donato-s.jpg\" class=\"attachment-full size-full\" alt=\"\" aria-describedby=\"gallery-1-3967\" srcset=\"https:\/\/guapimirim.rj.gov.br\/novosite\/wp-content\/uploads\/2026\/03\/Rua-Jose-Donato-s.jpg 648w, https:\/\/guapimirim.rj.gov.br\/novosite\/wp-content\/uploads\/2026\/03\/Rua-Jose-Donato-s-300x203.jpg 300w\" sizes=\"(max-width: 648px) 100vw, 648px\" \/>\n\t\t\t<\/div>\n\t\t\t\t<figcaption class='wp-caption-text gallery-caption' id='gallery-1-3967'>\n\t\t\t\tManilhamento e ASfaltamento na Rua Jos\u00e9 Donato\n\t\t\t\t<\/figcaption><\/figure><figure class='gallery-item'>\n\t\t\t<div class='gallery-icon landscape'>\n\t\t\t\t<img decoding=\"async\" width=\"756\" height=\"512\" src=\"https:\/\/guapimirim.rj.gov.br\/novosite\/wp-content\/uploads\/2026\/03\/Canalmirim-s.jpg\" class=\"attachment-full size-full\" alt=\"\" aria-describedby=\"gallery-1-3968\" srcset=\"https:\/\/guapimirim.rj.gov.br\/novosite\/wp-content\/uploads\/2026\/03\/Canalmirim-s.jpg 756w, https:\/\/guapimirim.rj.gov.br\/novosite\/wp-content\/uploads\/2026\/03\/Canalmirim-s-300x203.jpg 300w\" sizes=\"(max-width: 756px) 100vw, 756px\" \/>\n\t\t\t<\/div>\n\t\t\t\t<figcaption class='wp-caption-text gallery-caption' id='gallery-1-3968'>\n\t\t\t\tManilhamento na Rua Canalmirim\n\t\t\t\t<\/figcaption><\/figure><figure class='gallery-item'>\n\t\t\t<div class='gallery-icon landscape'>\n\t\t\t\t<img loading=\"lazy\" decoding=\"async\" width=\"864\" height=\"585\" src=\"https:\/\/guapimirim.rj.gov.br\/novosite\/wp-content\/uploads\/2026\/03\/Varzea-s.jpg\" class=\"attachment-full size-full\" alt=\"\" aria-describedby=\"gallery-1-3969\" srcset=\"https:\/\/guapimirim.rj.gov.br\/novosite\/wp-content\/uploads\/2026\/03\/Varzea-s.jpg 864w, https:\/\/guapimirim.rj.gov.br\/novosite\/wp-content\/uploads\/2026\/03\/Varzea-s-300x203.jpg 300w, https:\/\/guapimirim.rj.gov.br\/novosite\/wp-content\/uploads\/2026\/03\/Varzea-s-768x520.jpg 768w\" sizes=\"(max-width: 864px) 100vw, 864px\" \/>\n\t\t\t<\/div>\n\t\t\t\t<figcaption class='wp-caption-text gallery-caption' id='gallery-1-3969'>\n\t\t\t\tPrepara\u00e7\u00e3o para pavimenta\u00e7\u00e3o na V\u00e1rzea Alegre\n\t\t\t\t<\/figcaption><\/figure>\n\t\t<\/div>\n\n<p data-start=\"994\" data-end=\"1182\">Outras frentes de trabalho tamb\u00e9m avan\u00e7am pela cidade. Na rua Canalmirim, equipes atuam na coloca\u00e7\u00e3o de manilhas, contribuindo para a melhoria do sistema de drenagem. J\u00e1 na rua Jos\u00e9 Donato, est\u00e1 sendo realizada a limpeza do val\u00e3o para a implanta\u00e7\u00e3o da rede de \u00e1guas pluviais, etapa essencial que antecede o asfaltamento da via \u2014 uma antiga demanda da popula\u00e7\u00e3o local.<\/p>\n<p data-start=\"994\" data-end=\"1182\">Na V\u00e1rzea Alegre, os trabalhos come\u00e7aram com a limpeza das redes de \u00e1gua existentes, preparando o terreno para uma importante interven\u00e7\u00e3o: a pavimenta\u00e7\u00e3o com paralelep\u00edpedos em todas as ruas do bairro. A a\u00e7\u00e3o representa um avan\u00e7o significativo na infraestrutura local, levando mais qualidade de vida e dignidade aos moradores.<\/p>\n<p data-start=\"994\" data-end=\"1182\">De acordo com a Prefeitura, o andamento das obras seguir\u00e1 nas pr\u00f3ximas semanas, respeitando as condi\u00e7\u00f5es clim\u00e1ticas e a tr\u00e9gua das chuvas, para garantir a seguran\u00e7a e a qualidade dos servi\u00e7os executados.<\/p>\n","protected":false},"excerpt":{"rendered":"<p>Com a melhora das condi\u00e7\u00f5es clim\u00e1ticas ap\u00f3s o per\u00edodo de chuvas intensas que marcou o p\u00f3s-Carnaval, a Prefeitura de Guapimirim iniciou uma nova etapa do cronograma de obras urbanas em diferentes regi\u00f5es do munic\u00edpio. A primeira semana sem chuvas permitiu que as equipes, antes mobilizadas em a\u00e7\u00f5es emergenciais, passassem a atuar de forma cont\u00ednua nas [&hellip;]<\/p>\n","protected":false},"author":1,"featured_media":3965,"comment_status":"open","ping_status":"open","sticky":false,"template":"","format":"standard","meta":{"footnotes":""},"categories":[33,34,49],"tags":[52],"class_list":["post-3964","post","type-post","status-publish","format-standard","has-post-thumbnail","hentry","category-destaque","category-infraestrutura","category-servicos-publicos","tag-com-o-fim-das-chuvas"],"_links":{"self":[{"href":"https:\/\/guapimirim.rj.gov.br\/novosite\/wp-json\/wp\/v2\/posts\/3964","targetHints":{"allow":["GET"]}}],"collection":[{"href":"https:\/\/guapimirim.rj.gov.br\/novosite\/wp-json\/wp\/v2\/posts"}],"about":[{"href":"https:\/\/guapimirim.rj.gov.br\/novosite\/wp-json\/wp\/v2\/types\/post"}],"author":[{"embeddable":true,"href":"https:\/\/guapimirim.rj.gov.br\/novosite\/wp-json\/wp\/v2\/users\/1"}],"replies":[{"embeddable":true,"href":"https:\/\/guapimirim.rj.gov.br\/novosite\/wp-json\/wp\/v2\/comments?post=3964"}],"version-history":[{"count":1,"href":"https:\/\/guapimirim.rj.gov.br\/novosite\/wp-json\/wp\/v2\/posts\/3964\/revisions"}],"predecessor-version":[{"id":3970,"href":"https:\/\/guapimirim.rj.gov.br\/novosite\/wp-json\/wp\/v2\/posts\/3964\/revisions\/3970"}],"wp:featuredmedia":[{"embeddable":true,"href":"https:\/\/guapimirim.rj.gov.br\/novosite\/wp-json\/wp\/v2\/media\/3965"}],"wp:attachment":[{"href":"https:\/\/guapimirim.rj.gov.br\/novosite\/wp-json\/wp\/v2\/media?parent=3964"}],"wp:term":[{"taxonomy":"category","embeddable":true,"href":"https:\/\/guapimirim.rj.gov.br\/novosite\/wp-json\/wp\/v2\/categories?post=3964"},{"taxonomy":"post_tag","embeddable":true,"href":"https:\/\/guapimirim.rj.gov.br\/novosite\/wp-json\/wp\/v2\/tags?post=3964"}],"curies":[{"name":"wp","href":"https:\/\/api.w.org\/{rel}","templated":true}]}}