{"id":3928,"date":"2026-01-13T14:21:56","date_gmt":"2026-01-13T17:21:56","guid":{"rendered":"https:\/\/guapimirim.rj.gov.br\/novosite\/?p=3928"},"modified":"2026-03-19T14:23:58","modified_gmt":"2026-03-19T17:23:58","slug":"refis-2025-e-prorrogado-e-oferece-ate-100-de-desconto-em-juros-e-multas-em-guapimirim","status":"publish","type":"post","link":"https:\/\/guapimirim.rj.gov.br\/novosite\/refis-2025-e-prorrogado-e-oferece-ate-100-de-desconto-em-juros-e-multas-em-guapimirim\/","title":{"rendered":"Refis 2025 \u00e9 prorrogado e oferece at\u00e9 100% de desconto em juros e multas em Guapimirim"},"content":{"rendered":"<p data-start=\"92\" data-end=\"445\">A Prefeitura de Guapimirim prorrogou o prazo do Programa de Recupera\u00e7\u00e3o Fiscal (Refis) 2025, oferecendo aos contribuintes mais uma oportunidade de regularizar d\u00e9bitos municipais com condi\u00e7\u00f5es especiais. O programa permite descontos de at\u00e9 100% em juros e multas, al\u00e9m da possibilidade de parcelamento em at\u00e9 15 vezes, facilitando a quita\u00e7\u00e3o das d\u00edvidas.<\/p>\n<p data-start=\"447\" data-end=\"773\">O Refis contempla d\u00e9bitos como IPTU e outros tributos municipais, possibilitando que moradores e empres\u00e1rios fiquem em dia com o munic\u00edpio de forma simples, r\u00e1pida e acess\u00edvel. A ades\u00e3o pode ser feita pelo aplicativo\u00a0<a href=\"https:\/\/guapimirim.smartcidadao.com.br\/\"><strong data-start=\"664\" data-end=\"679\">Nossa Guapi<\/strong><\/a>\u00a0ou presencialmente, por meio dos totens de autoatendimento dispon\u00edveis na sede da Prefeitura.<\/p>\n<p data-start=\"775\" data-end=\"1117\">Al\u00e9m de representar al\u00edvio financeiro para os contribuintes, o pagamento dos tributos municipais, especialmente do IPTU, \u00e9 fundamental para o desenvolvimento da cidade. Os recursos arrecadados s\u00e3o revertidos em investimentos diretos em \u00e1reas essenciais, como sa\u00fade, educa\u00e7\u00e3o, infraestrutura urbana, servi\u00e7os p\u00fablicos e manuten\u00e7\u00e3o dos bairros.<\/p>\n<p data-start=\"1119\" data-end=\"1382\">De acordo com a Prefeitura, a prorroga\u00e7\u00e3o do Refis refor\u00e7a o compromisso da gest\u00e3o em oferecer alternativas para que a popula\u00e7\u00e3o possa regularizar sua situa\u00e7\u00e3o fiscal e, ao mesmo tempo, contribuir com o crescimento e a melhoria da qualidade de vida em Guapimirim.<\/p>\n<p data-start=\"1384\" data-end=\"1578\">A administra\u00e7\u00e3o municipal orienta os interessados a aproveitarem o novo prazo e as condi\u00e7\u00f5es facilitadas do programa para come\u00e7ar o ano com as finan\u00e7as em dia e colaborar com o avan\u00e7o da cidade.<\/p>\n<p data-start=\"1580\" data-end=\"1727\" data-is-last-node=\"\" data-is-only-node=\"\">Para mais informa\u00e7\u00f5es, os contribuintes podem acessar o aplicativo\u00a0<a href=\"https:\/\/guapimirim.smartcidadao.com.br\/\"><strong data-start=\"1647\" data-end=\"1662\">Nossa Guapi<\/strong><\/a>\u00a0ou procurar atendimento diretamente na Prefeitura de Guapimirim.<\/p>\n","protected":false},"excerpt":{"rendered":"<p>A Prefeitura de Guapimirim prorrogou o prazo do Programa de Recupera\u00e7\u00e3o Fiscal (Refis) 2025, oferecendo aos contribuintes mais uma oportunidade de regularizar d\u00e9bitos municipais com condi\u00e7\u00f5es especiais. O programa permite descontos de at\u00e9 100% em juros e multas, al\u00e9m da possibilidade de parcelamento em at\u00e9 15 vezes, facilitando a quita\u00e7\u00e3o das d\u00edvidas. O Refis contempla [&hellip;]<\/p>\n","protected":false},"author":1,"featured_media":3929,"comment_status":"open","ping_status":"open","sticky":false,"template":"","format":"standard","meta":{"footnotes":""},"categories":[33,41],"tags":[50],"class_list":["post-3928","post","type-post","status-publish","format-standard","has-post-thumbnail","hentry","category-destaque","category-fazenda","tag-oportunidade-para-ficar-em-dia"],"_links":{"self":[{"href":"https:\/\/guapimirim.rj.gov.br\/novosite\/wp-json\/wp\/v2\/posts\/3928","targetHints":{"allow":["GET"]}}],"collection":[{"href":"https:\/\/guapimirim.rj.gov.br\/novosite\/wp-json\/wp\/v2\/posts"}],"about":[{"href":"https:\/\/guapimirim.rj.gov.br\/novosite\/wp-json\/wp\/v2\/types\/post"}],"author":[{"embeddable":true,"href":"https:\/\/guapimirim.rj.gov.br\/novosite\/wp-json\/wp\/v2\/users\/1"}],"replies":[{"embeddable":true,"href":"https:\/\/guapimirim.rj.gov.br\/novosite\/wp-json\/wp\/v2\/comments?post=3928"}],"version-history":[{"count":1,"href":"https:\/\/guapimirim.rj.gov.br\/novosite\/wp-json\/wp\/v2\/posts\/3928\/revisions"}],"predecessor-version":[{"id":3930,"href":"https:\/\/guapimirim.rj.gov.br\/novosite\/wp-json\/wp\/v2\/posts\/3928\/revisions\/3930"}],"wp:featuredmedia":[{"embeddable":true,"href":"https:\/\/guapimirim.rj.gov.br\/novosite\/wp-json\/wp\/v2\/media\/3929"}],"wp:attachment":[{"href":"https:\/\/guapimirim.rj.gov.br\/novosite\/wp-json\/wp\/v2\/media?parent=3928"}],"wp:term":[{"taxonomy":"category","embeddable":true,"href":"https:\/\/guapimirim.rj.gov.br\/novosite\/wp-json\/wp\/v2\/categories?post=3928"},{"taxonomy":"post_tag","embeddable":true,"href":"https:\/\/guapimirim.rj.gov.br\/novosite\/wp-json\/wp\/v2\/tags?post=3928"}],"curies":[{"name":"wp","href":"https:\/\/api.w.org\/{rel}","templated":true}]}}