{"id":3880,"date":"2026-01-06T13:37:29","date_gmt":"2026-01-06T16:37:29","guid":{"rendered":"https:\/\/guapimirim.rj.gov.br\/novosite\/?p=3880"},"modified":"2026-03-19T14:21:53","modified_gmt":"2026-03-19T17:21:53","slug":"prefeitura-de-guapimirim-denuncia-incendio-criminoso-na-barreirinha-e-aciona-policia-civil-2","status":"publish","type":"post","link":"https:\/\/guapimirim.rj.gov.br\/novosite\/prefeitura-de-guapimirim-denuncia-incendio-criminoso-na-barreirinha-e-aciona-policia-civil-2\/","title":{"rendered":"Prefeitura de Guapimirim denuncia inc\u00eandio criminoso na Barreirinha e aciona Pol\u00edcia Civil"},"content":{"rendered":"<p><span data-tt=\"{}\">A Prefeitura de Guapimirim denunciou um inc\u00eandio criminoso ocorrido na localidade da Barreirinha, que atingiu uma \u00e1rea de mata e o Mirante da Barreirinha, provocando a morte de animais silvestres e colocando em risco resid\u00eancias pr\u00f3ximas.<\/span><\/p>\n<p><span data-tt=\"{}\">De acordo com a administra\u00e7\u00e3o municipal, h\u00e1 fortes ind\u00edcios de que o fogo tenha sido provocado de forma intencional, com o objetivo de viabilizar um loteamento clandestino, sem qualquer autoriza\u00e7\u00e3o do poder p\u00fablico. Diante da gravidade da situa\u00e7\u00e3o, a Prefeitura acionou imediatamente a Pol\u00edcia Civil, que j\u00e1 iniciou as investiga\u00e7\u00f5es e realiza per\u00edcia t\u00e9cnica no local para apurar as responsabilidades.<br \/>\n<\/span><\/p>\n<p><img fetchpriority=\"high\" decoding=\"async\" class=\"aligncenter wp-image-3881 size-full\" src=\"https:\/\/guapimirim.rj.gov.br\/novosite\/wp-content\/uploads\/2026\/03\/acao-barrerinha.jpg\" alt=\"\" width=\"570\" height=\"420\" srcset=\"https:\/\/guapimirim.rj.gov.br\/novosite\/wp-content\/uploads\/2026\/03\/acao-barrerinha.jpg 570w, https:\/\/guapimirim.rj.gov.br\/novosite\/wp-content\/uploads\/2026\/03\/acao-barrerinha-300x221.jpg 300w\" sizes=\"(max-width: 570px) 100vw, 570px\" \/><\/p>\n<p><span data-tt=\"{}\">O inc\u00eandio causou danos ambientais significativos e gerou preocupa\u00e7\u00e3o entre os moradores da regi\u00e3o, uma vez que as chamas se aproximaram de casas localizadas no entorno da \u00e1rea atingida.<\/span><\/p>\n<p><span data-tt=\"{}\">A Prefeitura de Guapimirim informou ainda que ir\u00e1 intensificar a fiscaliza\u00e7\u00e3o em loteamentos e constru\u00e7\u00f5es irregulares em todo o munic\u00edpio, como parte das a\u00e7\u00f5es de ordenamento imobili\u00e1rio e de prote\u00e7\u00e3o ambiental. O objetivo \u00e9 coibir pr\u00e1ticas ilegais que comprometam a seguran\u00e7a da popula\u00e7\u00e3o e o equil\u00edbrio ambiental da cidade.<\/span><\/p>\n<p><span data-tt=\"{}\">A administra\u00e7\u00e3o municipal refor\u00e7a que n\u00e3o ir\u00e1 tolerar crimes ambientais ou qualquer tipo de irregularidade urban\u00edstica. Em parceria com os \u00f3rg\u00e3os de seguran\u00e7a p\u00fablica e o Poder Judici\u00e1rio, o munic\u00edpio atuar\u00e1 para identificar os respons\u00e1veis e garantir que sejam devidamente punidos, conforme determina a lei.<\/span><\/p>\n<p><span data-tt=\"{}\">A Prefeitura orienta a popula\u00e7\u00e3o a denunciar pr\u00e1ticas suspeitas relacionadas a queimadas, desmatamento ou constru\u00e7\u00f5es irregulares, contribuindo para a preserva\u00e7\u00e3o do meio ambiente e o desenvolvimento ordenado de Guapimirim.<\/span><\/p>\n","protected":false},"excerpt":{"rendered":"<p>A Prefeitura de Guapimirim denunciou um inc\u00eandio criminoso ocorrido na localidade da Barreirinha, que atingiu uma \u00e1rea de mata e o Mirante da Barreirinha, provocando a morte de animais silvestres e colocando em risco resid\u00eancias pr\u00f3ximas. De acordo com a administra\u00e7\u00e3o municipal, h\u00e1 fortes ind\u00edcios de que o fogo tenha sido provocado de forma intencional, [&hellip;]<\/p>\n","protected":false},"author":1,"featured_media":3882,"comment_status":"open","ping_status":"open","sticky":false,"template":"","format":"standard","meta":{"footnotes":""},"categories":[42,33,31,47,39],"tags":[48],"class_list":["post-3880","post","type-post","status-publish","format-standard","has-post-thumbnail","hentry","category-ambiente","category-destaque","category-ordem-publica","category-seguranca-e-transito","category-urbanismo","tag-combate-a-crimes-ambientais"],"_links":{"self":[{"href":"https:\/\/guapimirim.rj.gov.br\/novosite\/wp-json\/wp\/v2\/posts\/3880","targetHints":{"allow":["GET"]}}],"collection":[{"href":"https:\/\/guapimirim.rj.gov.br\/novosite\/wp-json\/wp\/v2\/posts"}],"about":[{"href":"https:\/\/guapimirim.rj.gov.br\/novosite\/wp-json\/wp\/v2\/types\/post"}],"author":[{"embeddable":true,"href":"https:\/\/guapimirim.rj.gov.br\/novosite\/wp-json\/wp\/v2\/users\/1"}],"replies":[{"embeddable":true,"href":"https:\/\/guapimirim.rj.gov.br\/novosite\/wp-json\/wp\/v2\/comments?post=3880"}],"version-history":[{"count":1,"href":"https:\/\/guapimirim.rj.gov.br\/novosite\/wp-json\/wp\/v2\/posts\/3880\/revisions"}],"predecessor-version":[{"id":3883,"href":"https:\/\/guapimirim.rj.gov.br\/novosite\/wp-json\/wp\/v2\/posts\/3880\/revisions\/3883"}],"wp:featuredmedia":[{"embeddable":true,"href":"https:\/\/guapimirim.rj.gov.br\/novosite\/wp-json\/wp\/v2\/media\/3882"}],"wp:attachment":[{"href":"https:\/\/guapimirim.rj.gov.br\/novosite\/wp-json\/wp\/v2\/media?parent=3880"}],"wp:term":[{"taxonomy":"category","embeddable":true,"href":"https:\/\/guapimirim.rj.gov.br\/novosite\/wp-json\/wp\/v2\/categories?post=3880"},{"taxonomy":"post_tag","embeddable":true,"href":"https:\/\/guapimirim.rj.gov.br\/novosite\/wp-json\/wp\/v2\/tags?post=3880"}],"curies":[{"name":"wp","href":"https:\/\/api.w.org\/{rel}","templated":true}]}}