{"id":3488,"date":"2026-01-12T14:48:22","date_gmt":"2026-01-12T17:48:22","guid":{"rendered":"https:\/\/guapimirim.rj.gov.br\/novosite\/?p=3488"},"modified":"2026-01-12T14:48:22","modified_gmt":"2026-01-12T17:48:22","slug":"guapimirim-entra-em-alerta-para-calor-intenso-e-reforca-medidas-de-protecao-a-populacao","status":"publish","type":"post","link":"https:\/\/guapimirim.rj.gov.br\/novosite\/guapimirim-entra-em-alerta-para-calor-intenso-e-reforca-medidas-de-protecao-a-populacao\/","title":{"rendered":"Guapimirim entra em alerta para calor intenso e refor\u00e7a medidas de prote\u00e7\u00e3o \u00e0 popula\u00e7\u00e3o"},"content":{"rendered":"<p><span data-tt=\"{}\">A Secretaria de Estado de Sa\u00fade do Rio de Janeiro emitiu um alerta de calor excessivo para diversos munic\u00edpios fluminenses a partir deste domingo (11). De acordo com o Centro de Intelig\u00eancia em Sa\u00fade do RJ (CIS\/SES-RJ), Guapimirim est\u00e1 entre as cidades classificadas em\u00a0<\/span><span data-tt=\"{&quot;fontHints&quot;:1}\">n\u00edvel Laranja<\/span><span data-tt=\"{}\">, que indica\u00a0<\/span><span data-tt=\"{&quot;fontHints&quot;:1}\">calor severo<\/span><span data-tt=\"{}\">, o segundo mais alto da escala.<\/span><\/p>\n<p><span data-tt=\"{}\">A previs\u00e3o aponta que, na pr\u00f3xima ter\u00e7a-feira (13), Guapimirim pode atingir o\u00a0<\/span><span data-tt=\"{&quot;fontHints&quot;:1}\">n\u00edvel Vermelho<\/span><span data-tt=\"{}\">, o mais alto do monitoramento, caracterizado como\u00a0<\/span><span data-tt=\"{&quot;fontHints&quot;:1}\">calor extremo<\/span><span data-tt=\"{}\">, situa\u00e7\u00e3o considerada rara e de maior risco \u00e0 sa\u00fade.<\/span><\/p>\n<p><span data-tt=\"{}\">O acompanhamento \u00e9 feito por meio do\u00a0<\/span><span data-tt=\"{&quot;fontHints&quot;:1}\">\u00cdndice de Excesso de Calor (EHF)<\/span><span data-tt=\"{}\">, que compara a previs\u00e3o dos pr\u00f3ximos tr\u00eas dias com a m\u00e9dia hist\u00f3rica das temperaturas registradas nos \u00faltimos 30 anos. A escala vai do n\u00edvel Verde (sem excesso de calor) ao Vermelho (extremo).<\/span><\/p>\n<p><span data-tt=\"{}\">Diante do cen\u00e1rio, a Prefeitura de Guapimirim refor\u00e7a o alerta \u00e0 popula\u00e7\u00e3o e intensifica a\u00e7\u00f5es de preven\u00e7\u00e3o. Como medida de apoio, o munic\u00edpio\u00a0<\/span><span data-tt=\"{&quot;fontHints&quot;:1}\">disponibiliza pontos de hidrata\u00e7\u00e3o espalhados por toda a regi\u00e3o central da cidade<\/span><span data-tt=\"{}\">, oferecendo\u00a0<\/span><span data-tt=\"{&quot;fontHints&quot;:1}\">\u00e1gua gratuitamente para a popula\u00e7\u00e3o e tamb\u00e9m para os animais<\/span><span data-tt=\"{}\">, ajudando a minimizar os efeitos do calor intenso.<\/span><\/p>\n<p><span data-tt=\"{}\">A Secretaria de Estado de Sa\u00fade recomenda cuidados essenciais, como:<\/span><\/p>\n<ul>\n<li><span data-tt=\"{&quot;paragraphStyle&quot;:{&quot;alignment&quot;:4,&quot;style&quot;:100}}\">Manter-se bem hidratado ao longo do dia<\/span><\/li>\n<li><span data-tt=\"{&quot;paragraphStyle&quot;:{&quot;alignment&quot;:4,&quot;style&quot;:100}}\">Utilizar roupas leves e de cores claras<\/span><\/li>\n<li><span data-tt=\"{&quot;paragraphStyle&quot;:{&quot;alignment&quot;:4,&quot;style&quot;:100}}\">Evitar exposi\u00e7\u00e3o direta ao sol entre\u00a0<\/span><span data-tt=\"{&quot;paragraphStyle&quot;:{&quot;alignment&quot;:4,&quot;style&quot;:100},&quot;fontHints&quot;:1}\">10h e 16h<\/span><\/li>\n<li><span data-tt=\"{&quot;paragraphStyle&quot;:{&quot;alignment&quot;:4,&quot;style&quot;:100}}\">Usar prote\u00e7\u00e3o solar, como chap\u00e9us, bon\u00e9s e \u00f3culos escuros<\/span><\/li>\n<\/ul>\n<p><span data-tt=\"{}\">Idosos, crian\u00e7as, gestantes e pessoas com doen\u00e7as cr\u00f4nicas devem redobrar a aten\u00e7\u00e3o, pois fazem parte do grupo mais vulner\u00e1vel \u00e0s altas temperaturas.<\/span><\/p>\n<p><span data-tt=\"{}\">A Prefeitura de Guapimirim segue atenta aos alertas dos \u00f3rg\u00e3os oficiais e orienta que, em caso de mal-estar, tontura, fraqueza ou outros sintomas relacionados ao calor, a popula\u00e7\u00e3o procure imediatamente uma unidade de sa\u00fade.<\/span><\/p>\n","protected":false},"excerpt":{"rendered":"<p>A Secretaria de Estado de Sa\u00fade do Rio de Janeiro emitiu um alerta de calor excessivo para diversos munic\u00edpios fluminenses a partir deste domingo (11). De acordo com o Centro de Intelig\u00eancia em Sa\u00fade do RJ (CIS\/SES-RJ), Guapimirim est\u00e1 entre as cidades classificadas em\u00a0n\u00edvel Laranja, que indica\u00a0calor severo, o segundo mais alto da escala. A [&hellip;]<\/p>\n","protected":false},"author":1,"featured_media":3489,"comment_status":"open","ping_status":"open","sticky":false,"template":"","format":"standard","meta":{"footnotes":""},"categories":[42,33,29,25,47],"tags":[],"class_list":["post-3488","post","type-post","status-publish","format-standard","has-post-thumbnail","hentry","category-ambiente","category-destaque","category-saude","category-secretarias","category-seguranca-e-transito"],"_links":{"self":[{"href":"https:\/\/guapimirim.rj.gov.br\/novosite\/wp-json\/wp\/v2\/posts\/3488","targetHints":{"allow":["GET"]}}],"collection":[{"href":"https:\/\/guapimirim.rj.gov.br\/novosite\/wp-json\/wp\/v2\/posts"}],"about":[{"href":"https:\/\/guapimirim.rj.gov.br\/novosite\/wp-json\/wp\/v2\/types\/post"}],"author":[{"embeddable":true,"href":"https:\/\/guapimirim.rj.gov.br\/novosite\/wp-json\/wp\/v2\/users\/1"}],"replies":[{"embeddable":true,"href":"https:\/\/guapimirim.rj.gov.br\/novosite\/wp-json\/wp\/v2\/comments?post=3488"}],"version-history":[{"count":1,"href":"https:\/\/guapimirim.rj.gov.br\/novosite\/wp-json\/wp\/v2\/posts\/3488\/revisions"}],"predecessor-version":[{"id":3490,"href":"https:\/\/guapimirim.rj.gov.br\/novosite\/wp-json\/wp\/v2\/posts\/3488\/revisions\/3490"}],"wp:featuredmedia":[{"embeddable":true,"href":"https:\/\/guapimirim.rj.gov.br\/novosite\/wp-json\/wp\/v2\/media\/3489"}],"wp:attachment":[{"href":"https:\/\/guapimirim.rj.gov.br\/novosite\/wp-json\/wp\/v2\/media?parent=3488"}],"wp:term":[{"taxonomy":"category","embeddable":true,"href":"https:\/\/guapimirim.rj.gov.br\/novosite\/wp-json\/wp\/v2\/categories?post=3488"},{"taxonomy":"post_tag","embeddable":true,"href":"https:\/\/guapimirim.rj.gov.br\/novosite\/wp-json\/wp\/v2\/tags?post=3488"}],"curies":[{"name":"wp","href":"https:\/\/api.w.org\/{rel}","templated":true}]}}