{"id":3477,"date":"2025-12-05T14:37:03","date_gmt":"2025-12-05T17:37:03","guid":{"rendered":"https:\/\/guapimirim.rj.gov.br\/novosite\/?p=3477"},"modified":"2026-01-12T14:38:08","modified_gmt":"2026-01-12T17:38:08","slug":"participantes-do-concurso-cultural-de-decoracao-natalina-em-guapimirim-ja-devem-iniciar-o-envio-previo-das-fotos-dos-projetos","status":"publish","type":"post","link":"https:\/\/guapimirim.rj.gov.br\/novosite\/participantes-do-concurso-cultural-de-decoracao-natalina-em-guapimirim-ja-devem-iniciar-o-envio-previo-das-fotos-dos-projetos\/","title":{"rendered":"Participantes do Concurso Cultural de decora\u00e7\u00e3o natalina em Guapimirim j\u00e1 devem iniciar o envio pr\u00e9vio das fotos dos projetos"},"content":{"rendered":"<p>A Associa\u00e7\u00e3o Comerical e Empresarial de Guapimirim (ACEG) informa aos moradores e comerciantes inscritos no Concurso Cultural de Decora\u00e7\u00e3o das Casas, Com\u00e9rcios e Ruas do Natal que j\u00e1 est\u00e1 aberto o per\u00edodo para envio das fotos e v\u00eddeos das decora\u00e7\u00f5es. O material deve ser encaminhado obrigatoriamente por meio do formul\u00e1rio disponibilizado abaixo, e servir\u00e1 para a etapa de avalia\u00e7\u00e3o pr\u00e9via realizada pela equipe julgadora.<\/p>\n<p>A participa\u00e7\u00e3o nesta fase \u00e9 essencial para a continuidade no concurso, garantindo que todas as decora\u00e7\u00f5es inscritas sejam analisadas de forma organizada e transparente. As imagens enviadas permitir\u00e3o \u00e0 comiss\u00e3o avaliadora conhecer cada projeto antes das visitas presenciais.<\/p>\n<p>O prazo final para envio do material \u00e9 10 de dezembro, portanto os participantes devem ficar atentos e realizar o envio dentro do per\u00edodo estipulado.<\/p>\n<p>A Associa\u00e7\u00e3o e a Prefeitura agradecem a dedica\u00e7\u00e3o de todos que contribuem para tornar a cidade ainda mais iluminada e acolhedora neste fim de ano, refor\u00e7ando o esp\u00edrito natalino que marca o Fant\u00e1stico Natal de Guapimirim.<\/p>\n","protected":false},"excerpt":{"rendered":"<p>A Associa\u00e7\u00e3o Comerical e Empresarial de Guapimirim (ACEG) informa aos moradores e comerciantes inscritos no Concurso Cultural de Decora\u00e7\u00e3o das Casas, Com\u00e9rcios e Ruas do Natal que j\u00e1 est\u00e1 aberto o per\u00edodo para envio das fotos e v\u00eddeos das decora\u00e7\u00f5es. O material deve ser encaminhado obrigatoriamente por meio do formul\u00e1rio disponibilizado abaixo, e servir\u00e1 para [&hellip;]<\/p>\n","protected":false},"author":1,"featured_media":3478,"comment_status":"open","ping_status":"open","sticky":false,"template":"","format":"standard","meta":{"footnotes":""},"categories":[36,33],"tags":[],"class_list":["post-3477","post","type-post","status-publish","format-standard","has-post-thumbnail","hentry","category-cultura","category-destaque"],"_links":{"self":[{"href":"https:\/\/guapimirim.rj.gov.br\/novosite\/wp-json\/wp\/v2\/posts\/3477","targetHints":{"allow":["GET"]}}],"collection":[{"href":"https:\/\/guapimirim.rj.gov.br\/novosite\/wp-json\/wp\/v2\/posts"}],"about":[{"href":"https:\/\/guapimirim.rj.gov.br\/novosite\/wp-json\/wp\/v2\/types\/post"}],"author":[{"embeddable":true,"href":"https:\/\/guapimirim.rj.gov.br\/novosite\/wp-json\/wp\/v2\/users\/1"}],"replies":[{"embeddable":true,"href":"https:\/\/guapimirim.rj.gov.br\/novosite\/wp-json\/wp\/v2\/comments?post=3477"}],"version-history":[{"count":1,"href":"https:\/\/guapimirim.rj.gov.br\/novosite\/wp-json\/wp\/v2\/posts\/3477\/revisions"}],"predecessor-version":[{"id":3479,"href":"https:\/\/guapimirim.rj.gov.br\/novosite\/wp-json\/wp\/v2\/posts\/3477\/revisions\/3479"}],"wp:featuredmedia":[{"embeddable":true,"href":"https:\/\/guapimirim.rj.gov.br\/novosite\/wp-json\/wp\/v2\/media\/3478"}],"wp:attachment":[{"href":"https:\/\/guapimirim.rj.gov.br\/novosite\/wp-json\/wp\/v2\/media?parent=3477"}],"wp:term":[{"taxonomy":"category","embeddable":true,"href":"https:\/\/guapimirim.rj.gov.br\/novosite\/wp-json\/wp\/v2\/categories?post=3477"},{"taxonomy":"post_tag","embeddable":true,"href":"https:\/\/guapimirim.rj.gov.br\/novosite\/wp-json\/wp\/v2\/tags?post=3477"}],"curies":[{"name":"wp","href":"https:\/\/api.w.org\/{rel}","templated":true}]}}