{"id":3474,"date":"2025-11-27T22:47:05","date_gmt":"2025-11-28T01:47:05","guid":{"rendered":"https:\/\/guapimirim.rj.gov.br\/novosite\/?p=3474"},"modified":"2026-01-12T14:36:22","modified_gmt":"2026-01-12T17:36:22","slug":"guapimirim-abre-chamamento-publico-para-doacoes-e-servicos-destinados-ao-fantastico-natal-2025","status":"publish","type":"post","link":"https:\/\/guapimirim.rj.gov.br\/novosite\/guapimirim-abre-chamamento-publico-para-doacoes-e-servicos-destinados-ao-fantastico-natal-2025\/","title":{"rendered":"Guapimirim abre chamamento p\u00fablico para doa\u00e7\u00f5es e servi\u00e7os destinados ao \u201cFant\u00e1stico Natal 2025\u201d"},"content":{"rendered":"<p data-start=\"0\" data-end=\"431\">A Prefeitura de Guapimirim, por meio da Secretaria Municipal de Cultura e Economia Criativa, anunciou a abertura do Edital de Chamamento P\u00fablico destinado a receber doa\u00e7\u00f5es de bens e servi\u00e7os para a realiza\u00e7\u00e3o do projeto\u00a0<strong data-start=\"221\" data-end=\"259\">\u201cO Fant\u00e1stico Natal de Guapimirim\u201d<\/strong>. A iniciativa segue as diretrizes da Lei Municipal n\u00ba 1305, de 24 de novembro de 2021, que regulamenta parcerias entre o poder p\u00fablico e a iniciativa privada no munic\u00edpio.<\/p>\n<p data-start=\"433\" data-end=\"835\">O chamamento \u00e9 voltado a pessoas f\u00edsicas ou jur\u00eddicas interessadas em contribuir de forma gratuita com a doa\u00e7\u00e3o de materiais ou a presta\u00e7\u00e3o de servi\u00e7os que auxiliem na montagem da decora\u00e7\u00e3o natalina e na promo\u00e7\u00e3o de atividades culturais e de lazer durante o per\u00edodo festivo. O projeto est\u00e1 previsto para ocorrer entre\u00a0<strong data-start=\"751\" data-end=\"800\">5 de dezembro de 2025 e 16 de janeiro de 2026<\/strong>, com possibilidade de prorroga\u00e7\u00e3o.<\/p>\n<p data-start=\"837\" data-end=\"1118\">Segundo a Secretaria de Cultura e Economia Criativa, o objetivo \u00e9 fortalecer a programa\u00e7\u00e3o natalina da cidade, ampliando a participa\u00e7\u00e3o da sociedade e do setor privado na constru\u00e7\u00e3o de um evento que movimenta a economia local e oferece atra\u00e7\u00f5es gratuitas para moradores e turistas.<\/p>\n<p data-start=\"1120\" data-end=\"1229\" data-is-last-node=\"\" data-is-only-node=\"\">Os interessados j\u00e1 podem consultar o edital completo e enviar suas propostas dentro dos prazos estabelecidos.<\/p>\n<p><a href=\"https:\/\/guapimirim.rj.gov.br\/wp-content\/uploads\/2025\/11\/EDITAL_DE_CHAMAMENTO_PUBLICO_No_001_2025-final.docx\">Edital de Chamamento P\u00fablico n\u00ba001 de 2025<\/a><\/p>\n<p><a href=\"https:\/\/guapimirim.rj.gov.br\/wp-content\/uploads\/2025\/11\/Extrato_Edital_001_2025.docx\">Extrato do edital n\u00ba001 de 2025<\/a><\/p>\n","protected":false},"excerpt":{"rendered":"<p>A Prefeitura de Guapimirim, por meio da Secretaria Municipal de Cultura e Economia Criativa, anunciou a abertura do Edital de Chamamento P\u00fablico destinado a receber doa\u00e7\u00f5es de bens e servi\u00e7os para a realiza\u00e7\u00e3o do projeto\u00a0\u201cO Fant\u00e1stico Natal de Guapimirim\u201d. A iniciativa segue as diretrizes da Lei Municipal n\u00ba 1305, de 24 de novembro de 2021, [&hellip;]<\/p>\n","protected":false},"author":1,"featured_media":3475,"comment_status":"open","ping_status":"open","sticky":false,"template":"","format":"standard","meta":{"footnotes":""},"categories":[36,33],"tags":[],"class_list":["post-3474","post","type-post","status-publish","format-standard","has-post-thumbnail","hentry","category-cultura","category-destaque"],"_links":{"self":[{"href":"https:\/\/guapimirim.rj.gov.br\/novosite\/wp-json\/wp\/v2\/posts\/3474","targetHints":{"allow":["GET"]}}],"collection":[{"href":"https:\/\/guapimirim.rj.gov.br\/novosite\/wp-json\/wp\/v2\/posts"}],"about":[{"href":"https:\/\/guapimirim.rj.gov.br\/novosite\/wp-json\/wp\/v2\/types\/post"}],"author":[{"embeddable":true,"href":"https:\/\/guapimirim.rj.gov.br\/novosite\/wp-json\/wp\/v2\/users\/1"}],"replies":[{"embeddable":true,"href":"https:\/\/guapimirim.rj.gov.br\/novosite\/wp-json\/wp\/v2\/comments?post=3474"}],"version-history":[{"count":1,"href":"https:\/\/guapimirim.rj.gov.br\/novosite\/wp-json\/wp\/v2\/posts\/3474\/revisions"}],"predecessor-version":[{"id":3476,"href":"https:\/\/guapimirim.rj.gov.br\/novosite\/wp-json\/wp\/v2\/posts\/3474\/revisions\/3476"}],"wp:featuredmedia":[{"embeddable":true,"href":"https:\/\/guapimirim.rj.gov.br\/novosite\/wp-json\/wp\/v2\/media\/3475"}],"wp:attachment":[{"href":"https:\/\/guapimirim.rj.gov.br\/novosite\/wp-json\/wp\/v2\/media?parent=3474"}],"wp:term":[{"taxonomy":"category","embeddable":true,"href":"https:\/\/guapimirim.rj.gov.br\/novosite\/wp-json\/wp\/v2\/categories?post=3474"},{"taxonomy":"post_tag","embeddable":true,"href":"https:\/\/guapimirim.rj.gov.br\/novosite\/wp-json\/wp\/v2\/tags?post=3474"}],"curies":[{"name":"wp","href":"https:\/\/api.w.org\/{rel}","templated":true}]}}