{"id":3471,"date":"2025-11-25T14:32:16","date_gmt":"2025-11-25T17:32:16","guid":{"rendered":"https:\/\/guapimirim.rj.gov.br\/novosite\/?p=3471"},"modified":"2026-03-19T14:16:52","modified_gmt":"2026-03-19T17:16:52","slug":"guapimirim-abre-inscricoes-para-o-programa-operacao-trabalho-pot-nas-modalidades-guia-turistico-e-corte-e-costura","status":"publish","type":"post","link":"https:\/\/guapimirim.rj.gov.br\/novosite\/guapimirim-abre-inscricoes-para-o-programa-operacao-trabalho-pot-nas-modalidades-guia-turistico-e-corte-e-costura\/","title":{"rendered":"Guapimirim abre inscri\u00e7\u00f5es para o Programa Opera\u00e7\u00e3o Trabalho (POT) nas modalidades Guia Tur\u00edstico e Corte e Costura"},"content":{"rendered":"<p data-start=\"121\" data-end=\"534\">A Prefeitura de Guapimirim informa que est\u00e3o oficialmente abertas as inscri\u00e7\u00f5es online para o Programa Opera\u00e7\u00e3o Trabalho (POT), oferecendo duas modalidades de capacita\u00e7\u00e3o:\u00a0<strong data-start=\"293\" data-end=\"311\">Condutor Comunit\u00e1rio de Turismo<\/strong>\u00a0e\u00a0<strong data-start=\"314\" data-end=\"333\">Corte e Costura<\/strong>. A iniciativa integra o conjunto de a\u00e7\u00f5es municipais voltadas \u00e0 forma\u00e7\u00e3o profissional, ao fortalecimento da economia local e \u00e0 amplia\u00e7\u00e3o das oportunidades de gera\u00e7\u00e3o de renda para moradores da cidade.<\/p>\n<p data-start=\"536\" data-end=\"1132\">Com o prop\u00f3sito de valorizar talentos, tradi\u00e7\u00f5es e potencialidades do territ\u00f3rio, o POT chega a esta edi\u00e7\u00e3o refor\u00e7ando o car\u00e1ter transformador da qualifica\u00e7\u00e3o profissional. Como express\u00e3o desse esp\u00edrito, o programa se inspira na mensagem:<\/p>\n<p><em data-start=\"777\" data-end=\"1132\">\u201cEntre trilhas e linhas, Guapimirim transforma hist\u00f3rias: guiando caminhos e costurando futuros com m\u00e3os que aprendem, cora\u00e7\u00f5es que pertencem e vozes que ecoam saberes da terra. Cada passo nas trilhas revela identidade, cada ponto na costura resgata dignidade \u2014 porque aqui, capacita\u00e7\u00e3o \u00e9 ponte, cultura \u00e9 raiz e trabalho \u00e9 ferramenta de transforma\u00e7\u00e3o.\u201d<\/em><\/p>\n<p data-start=\"1134\" data-end=\"1556\">As inscri\u00e7\u00f5es s\u00e3o gratuitas e devem ser feitas exclusivamente pela internet. Podem participar moradores de Guapimirim que atendam aos crit\u00e9rios de cada modalidade. O objetivo \u00e9 ampliar o acesso \u00e0 qualifica\u00e7\u00e3o, estimular o desenvolvimento de compet\u00eancias e fortalecer a autonomia dos participantes, seja conduzindo visitantes pelas belezas naturais do munic\u00edpio, seja transformando tecidos em novas possibilidades de renda.<\/p>\n<h5 data-start=\"1673\" data-end=\"1721\"><strong data-start=\"1677\" data-end=\"1721\">Formul\u00e1rio do Programa Opera\u00e7\u00e3o Trabalho<\/strong><\/h5>\n<p data-start=\"1723\" data-end=\"2020\">Este formul\u00e1rio faz parte do Programa Opera\u00e7\u00e3o Trabalho, promovido pelo Munic\u00edpio de Guapimirim.<br data-start=\"1819\" data-end=\"1822\" \/>Os dados pessoais aqui coletados, como CPF, ra\u00e7a\/cor e outras informa\u00e7\u00f5es, ser\u00e3o utilizados exclusivamente para fins institucionais, visando \u00e0 organiza\u00e7\u00e3o, controle e execu\u00e7\u00e3o das a\u00e7\u00f5es do programa.<\/p>\n<p data-start=\"2022\" data-end=\"2188\" data-is-last-node=\"\" data-is-only-node=\"\">O tratamento das informa\u00e7\u00f5es respeita a Lei Geral de Prote\u00e7\u00e3o de Dados (LGPD \u2013 Lei n\u00ba 13.709\/2018), garantindo sigilo, seguran\u00e7a e n\u00e3o compartilhamento com terceiros.<\/p>\n<p data-start=\"1558\" data-end=\"1666\">\n","protected":false},"excerpt":{"rendered":"<p>A Prefeitura de Guapimirim informa que est\u00e3o oficialmente abertas as inscri\u00e7\u00f5es online para o Programa Opera\u00e7\u00e3o Trabalho (POT), oferecendo duas modalidades de capacita\u00e7\u00e3o:\u00a0Condutor Comunit\u00e1rio de Turismo\u00a0e\u00a0Corte e Costura. A iniciativa integra o conjunto de a\u00e7\u00f5es municipais voltadas \u00e0 forma\u00e7\u00e3o profissional, ao fortalecimento da economia local e \u00e0 amplia\u00e7\u00e3o das oportunidades de gera\u00e7\u00e3o de renda para [&hellip;]<\/p>\n","protected":false},"author":1,"featured_media":3923,"comment_status":"open","ping_status":"open","sticky":false,"template":"","format":"standard","meta":{"footnotes":""},"categories":[37,33],"tags":[],"class_list":["post-3471","post","type-post","status-publish","format-standard","has-post-thumbnail","hentry","category-assistencia-social","category-destaque"],"_links":{"self":[{"href":"https:\/\/guapimirim.rj.gov.br\/novosite\/wp-json\/wp\/v2\/posts\/3471","targetHints":{"allow":["GET"]}}],"collection":[{"href":"https:\/\/guapimirim.rj.gov.br\/novosite\/wp-json\/wp\/v2\/posts"}],"about":[{"href":"https:\/\/guapimirim.rj.gov.br\/novosite\/wp-json\/wp\/v2\/types\/post"}],"author":[{"embeddable":true,"href":"https:\/\/guapimirim.rj.gov.br\/novosite\/wp-json\/wp\/v2\/users\/1"}],"replies":[{"embeddable":true,"href":"https:\/\/guapimirim.rj.gov.br\/novosite\/wp-json\/wp\/v2\/comments?post=3471"}],"version-history":[{"count":1,"href":"https:\/\/guapimirim.rj.gov.br\/novosite\/wp-json\/wp\/v2\/posts\/3471\/revisions"}],"predecessor-version":[{"id":3473,"href":"https:\/\/guapimirim.rj.gov.br\/novosite\/wp-json\/wp\/v2\/posts\/3471\/revisions\/3473"}],"wp:featuredmedia":[{"embeddable":true,"href":"https:\/\/guapimirim.rj.gov.br\/novosite\/wp-json\/wp\/v2\/media\/3923"}],"wp:attachment":[{"href":"https:\/\/guapimirim.rj.gov.br\/novosite\/wp-json\/wp\/v2\/media?parent=3471"}],"wp:term":[{"taxonomy":"category","embeddable":true,"href":"https:\/\/guapimirim.rj.gov.br\/novosite\/wp-json\/wp\/v2\/categories?post=3471"},{"taxonomy":"post_tag","embeddable":true,"href":"https:\/\/guapimirim.rj.gov.br\/novosite\/wp-json\/wp\/v2\/tags?post=3471"}],"curies":[{"name":"wp","href":"https:\/\/api.w.org\/{rel}","templated":true}]}}