{"id":3199,"date":"2024-04-04T10:24:00","date_gmt":"2024-04-04T13:24:00","guid":{"rendered":"https:\/\/guapimirim.rj.gov.br\/novosite\/?p=3199"},"modified":"2025-10-31T10:25:35","modified_gmt":"2025-10-31T13:25:35","slug":"audiencia-publica-sobre-a-lei-de-diretrizes-orcamentarias-ldo-2025","status":"publish","type":"post","link":"https:\/\/guapimirim.rj.gov.br\/novosite\/audiencia-publica-sobre-a-lei-de-diretrizes-orcamentarias-ldo-2025\/","title":{"rendered":"Audi\u00eancia P\u00fablica sobre a Lei de Diretrizes Or\u00e7ament\u00e1rias \u2013 LDO 2025"},"content":{"rendered":"<p>A Prefeita de Guapimirim, atendendo ao disposto no artigo 48, par\u00e1grafo \u00fanico da Lei Complementar 101\/2000, convida a popula\u00e7\u00e3o a participar da Audi\u00eancia P\u00fablica para a Presenta\u00e7\u00e3o dos anexos que comp\u00f5em a Elabora\u00e7\u00e3o da LEI DE DIRETRIZES OR\u00c7AMENTARIAS \u2013 LDO, para o exerc\u00edcio de 2025.<\/p>\n<p>A administra\u00e7\u00e3o contou com a participa\u00e7\u00e3o da popula\u00e7\u00e3o atrav\u00e9s de campanhas de servi\u00e7os do Gabinete na Rua e do question\u00e1rio de consulta p\u00fablica virtual, disponibilizado no site da prefeitura, onde foram colhidas sugest\u00f5es para elabora\u00e7\u00e3o da LD0\/2025 para capta\u00e7\u00e3o de demandas e para identificar as \u00e1reas e a\u00e7\u00f5es priorit\u00e1rias segundo o entendimento dos mun\u00edcipes.<\/p>\n<p>Esta audi\u00eancia acontecer\u00e1 no dia 08 de abril (segunda-feira), \u00e0s 10h30 no Plen\u00e1rio da C\u00e2mara Municipal de Guapimirim (Av. Dedo de Deus, 820).<\/p>\n<p>Sua participa\u00e7\u00e3o \u00e9 muito importante para todos n\u00f3s!<\/p>\n","protected":false},"excerpt":{"rendered":"<p>A Prefeita de Guapimirim, atendendo ao disposto no artigo 48, par\u00e1grafo \u00fanico da Lei Complementar 101\/2000, convida a popula\u00e7\u00e3o a participar da Audi\u00eancia P\u00fablica para a Presenta\u00e7\u00e3o dos anexos que comp\u00f5em a Elabora\u00e7\u00e3o da LEI DE DIRETRIZES OR\u00c7AMENTARIAS \u2013 LDO, para o exerc\u00edcio de 2025. A administra\u00e7\u00e3o contou com a participa\u00e7\u00e3o da popula\u00e7\u00e3o atrav\u00e9s de [&hellip;]<\/p>\n","protected":false},"author":1,"featured_media":3200,"comment_status":"open","ping_status":"open","sticky":false,"template":"","format":"standard","meta":{"footnotes":""},"categories":[33,41],"tags":[],"class_list":["post-3199","post","type-post","status-publish","format-standard","has-post-thumbnail","hentry","category-destaque","category-fazenda"],"_links":{"self":[{"href":"https:\/\/guapimirim.rj.gov.br\/novosite\/wp-json\/wp\/v2\/posts\/3199","targetHints":{"allow":["GET"]}}],"collection":[{"href":"https:\/\/guapimirim.rj.gov.br\/novosite\/wp-json\/wp\/v2\/posts"}],"about":[{"href":"https:\/\/guapimirim.rj.gov.br\/novosite\/wp-json\/wp\/v2\/types\/post"}],"author":[{"embeddable":true,"href":"https:\/\/guapimirim.rj.gov.br\/novosite\/wp-json\/wp\/v2\/users\/1"}],"replies":[{"embeddable":true,"href":"https:\/\/guapimirim.rj.gov.br\/novosite\/wp-json\/wp\/v2\/comments?post=3199"}],"version-history":[{"count":1,"href":"https:\/\/guapimirim.rj.gov.br\/novosite\/wp-json\/wp\/v2\/posts\/3199\/revisions"}],"predecessor-version":[{"id":3201,"href":"https:\/\/guapimirim.rj.gov.br\/novosite\/wp-json\/wp\/v2\/posts\/3199\/revisions\/3201"}],"wp:featuredmedia":[{"embeddable":true,"href":"https:\/\/guapimirim.rj.gov.br\/novosite\/wp-json\/wp\/v2\/media\/3200"}],"wp:attachment":[{"href":"https:\/\/guapimirim.rj.gov.br\/novosite\/wp-json\/wp\/v2\/media?parent=3199"}],"wp:term":[{"taxonomy":"category","embeddable":true,"href":"https:\/\/guapimirim.rj.gov.br\/novosite\/wp-json\/wp\/v2\/categories?post=3199"},{"taxonomy":"post_tag","embeddable":true,"href":"https:\/\/guapimirim.rj.gov.br\/novosite\/wp-json\/wp\/v2\/tags?post=3199"}],"curies":[{"name":"wp","href":"https:\/\/api.w.org\/{rel}","templated":true}]}}