{"id":2849,"date":"2022-10-21T21:40:45","date_gmt":"2022-10-22T00:40:45","guid":{"rendered":"https:\/\/guapimirim.rj.gov.br\/novosite\/?p=2849"},"modified":"2025-10-10T21:42:12","modified_gmt":"2025-10-11T00:42:12","slug":"convocacao-para-assembleia-geral-ordinaria-de-fundacao-da-apae-guapimirim","status":"publish","type":"post","link":"https:\/\/guapimirim.rj.gov.br\/novosite\/convocacao-para-assembleia-geral-ordinaria-de-fundacao-da-apae-guapimirim\/","title":{"rendered":"Convoca\u00e7\u00e3o para Assembleia Geral Ordin\u00e1ria de Funda\u00e7\u00e3o da APAE-Guapimirim"},"content":{"rendered":"<p>A comunidade do Munic\u00edpio de Guapimirim CONVOCA todos os interessados para Assembleia Geral Ordin\u00e1ria de Funda\u00e7\u00e3o da APAE-Guapimirim \u2013 RJ, que ser\u00e1 realizada na data, local e hor\u00e1rio abaixo transcritos:<\/p>\n<p>Data: 30\/11\/2022<br \/>\nLocal: Rua Itacoatiara n\u00b0 89, Centro \u2013 Guapimirim<br \/>\nHor\u00e1rio: 18:30h<\/p>\n<p>Segue em anexo para os devidos fins o\u00a0<a href=\"https:\/\/guapimirim.rj.gov.br\/wp-content\/uploads\/2022\/10\/Convocacao-Apae.pdf\">Edital de Convoca\u00e7\u00e3o<\/a>, dispon\u00edvel para download.<\/p>\n","protected":false},"excerpt":{"rendered":"<p>A comunidade do Munic\u00edpio de Guapimirim CONVOCA todos os interessados para Assembleia Geral Ordin\u00e1ria de Funda\u00e7\u00e3o da APAE-Guapimirim \u2013 RJ, que ser\u00e1 realizada na data, local e hor\u00e1rio abaixo transcritos: Data: 30\/11\/2022 Local: Rua Itacoatiara n\u00b0 89, Centro \u2013 Guapimirim Hor\u00e1rio: 18:30h Segue em anexo para os devidos fins o\u00a0Edital de Convoca\u00e7\u00e3o, dispon\u00edvel para download.<\/p>\n","protected":false},"author":1,"featured_media":2850,"comment_status":"open","ping_status":"open","sticky":false,"template":"","format":"standard","meta":{"footnotes":""},"categories":[37,33],"tags":[],"class_list":["post-2849","post","type-post","status-publish","format-standard","has-post-thumbnail","hentry","category-assistencia-social","category-destaque"],"_links":{"self":[{"href":"https:\/\/guapimirim.rj.gov.br\/novosite\/wp-json\/wp\/v2\/posts\/2849","targetHints":{"allow":["GET"]}}],"collection":[{"href":"https:\/\/guapimirim.rj.gov.br\/novosite\/wp-json\/wp\/v2\/posts"}],"about":[{"href":"https:\/\/guapimirim.rj.gov.br\/novosite\/wp-json\/wp\/v2\/types\/post"}],"author":[{"embeddable":true,"href":"https:\/\/guapimirim.rj.gov.br\/novosite\/wp-json\/wp\/v2\/users\/1"}],"replies":[{"embeddable":true,"href":"https:\/\/guapimirim.rj.gov.br\/novosite\/wp-json\/wp\/v2\/comments?post=2849"}],"version-history":[{"count":1,"href":"https:\/\/guapimirim.rj.gov.br\/novosite\/wp-json\/wp\/v2\/posts\/2849\/revisions"}],"predecessor-version":[{"id":2851,"href":"https:\/\/guapimirim.rj.gov.br\/novosite\/wp-json\/wp\/v2\/posts\/2849\/revisions\/2851"}],"wp:featuredmedia":[{"embeddable":true,"href":"https:\/\/guapimirim.rj.gov.br\/novosite\/wp-json\/wp\/v2\/media\/2850"}],"wp:attachment":[{"href":"https:\/\/guapimirim.rj.gov.br\/novosite\/wp-json\/wp\/v2\/media?parent=2849"}],"wp:term":[{"taxonomy":"category","embeddable":true,"href":"https:\/\/guapimirim.rj.gov.br\/novosite\/wp-json\/wp\/v2\/categories?post=2849"},{"taxonomy":"post_tag","embeddable":true,"href":"https:\/\/guapimirim.rj.gov.br\/novosite\/wp-json\/wp\/v2\/tags?post=2849"}],"curies":[{"name":"wp","href":"https:\/\/api.w.org\/{rel}","templated":true}]}}