{"id":2840,"date":"2024-09-23T21:09:09","date_gmt":"2024-09-24T00:09:09","guid":{"rendered":"https:\/\/guapimirim.rj.gov.br\/novosite\/?p=2840"},"modified":"2025-10-10T21:43:29","modified_gmt":"2025-10-11T00:43:29","slug":"edital-de-convocacao-de-assembleia-n-002-2024-comped","status":"publish","type":"post","link":"https:\/\/guapimirim.rj.gov.br\/novosite\/edital-de-convocacao-de-assembleia-n-002-2024-comped\/","title":{"rendered":"Edital de Convoca\u00e7\u00e3o de Assembl\u00e9ia n\u00b0 002\/2024\/COMPED"},"content":{"rendered":"<p>O CONSELHO MUNICIPAL DA PESSOA COM DEFICI\u00caNCIA \u2013 COMPED, ATRAVES DE SUA COMISS\u00c3O ELEITORAL, CONVOCA: Representantes de entidades n\u00e3o governamentais e na falta destas, devidamente regularizadas, usu\u00e1rios de pol\u00edticas para pessoas com defici\u00eancia, preferencialmente, \u00e1reas de educa\u00e7\u00e3o, sa\u00fade, assist\u00eancia social, cultura, esporte, desenvolvimento econ\u00f4mico; que seja p e s s o a com defici\u00eancia, seu representante legal ou profissional de \u00e1rea priorizando-se os segmentos n\u00e3o contemplados pela entidade n\u00e3o governamental, para compor o COMPED, Bi\u00eanio 2025\/2027.<\/p>\n<p><a href=\"https:\/\/drive.google.com\/uc?export=download&amp;id=1oYrKnMLOx-YybAtWxeWsEZiqEt3mhmo_\">Clique aqui para acessar o edital<\/a><\/p>\n","protected":false},"excerpt":{"rendered":"<p>O CONSELHO MUNICIPAL DA PESSOA COM DEFICI\u00caNCIA \u2013 COMPED, ATRAVES DE SUA COMISS\u00c3O ELEITORAL, CONVOCA: Representantes de entidades n\u00e3o governamentais e na falta destas, devidamente regularizadas, usu\u00e1rios de pol\u00edticas para pessoas com defici\u00eancia, preferencialmente, \u00e1reas de educa\u00e7\u00e3o, sa\u00fade, assist\u00eancia social, cultura, esporte, desenvolvimento econ\u00f4mico; que seja p e s s o a com defici\u00eancia, seu [&hellip;]<\/p>\n","protected":false},"author":1,"featured_media":2842,"comment_status":"open","ping_status":"open","sticky":false,"template":"","format":"standard","meta":{"footnotes":""},"categories":[37,44,33],"tags":[],"class_list":["post-2840","post","type-post","status-publish","format-standard","has-post-thumbnail","hentry","category-assistencia-social","category-comped","category-destaque"],"_links":{"self":[{"href":"https:\/\/guapimirim.rj.gov.br\/novosite\/wp-json\/wp\/v2\/posts\/2840","targetHints":{"allow":["GET"]}}],"collection":[{"href":"https:\/\/guapimirim.rj.gov.br\/novosite\/wp-json\/wp\/v2\/posts"}],"about":[{"href":"https:\/\/guapimirim.rj.gov.br\/novosite\/wp-json\/wp\/v2\/types\/post"}],"author":[{"embeddable":true,"href":"https:\/\/guapimirim.rj.gov.br\/novosite\/wp-json\/wp\/v2\/users\/1"}],"replies":[{"embeddable":true,"href":"https:\/\/guapimirim.rj.gov.br\/novosite\/wp-json\/wp\/v2\/comments?post=2840"}],"version-history":[{"count":1,"href":"https:\/\/guapimirim.rj.gov.br\/novosite\/wp-json\/wp\/v2\/posts\/2840\/revisions"}],"predecessor-version":[{"id":2843,"href":"https:\/\/guapimirim.rj.gov.br\/novosite\/wp-json\/wp\/v2\/posts\/2840\/revisions\/2843"}],"wp:featuredmedia":[{"embeddable":true,"href":"https:\/\/guapimirim.rj.gov.br\/novosite\/wp-json\/wp\/v2\/media\/2842"}],"wp:attachment":[{"href":"https:\/\/guapimirim.rj.gov.br\/novosite\/wp-json\/wp\/v2\/media?parent=2840"}],"wp:term":[{"taxonomy":"category","embeddable":true,"href":"https:\/\/guapimirim.rj.gov.br\/novosite\/wp-json\/wp\/v2\/categories?post=2840"},{"taxonomy":"post_tag","embeddable":true,"href":"https:\/\/guapimirim.rj.gov.br\/novosite\/wp-json\/wp\/v2\/tags?post=2840"}],"curies":[{"name":"wp","href":"https:\/\/api.w.org\/{rel}","templated":true}]}}