{"id":2837,"date":"2024-12-03T21:07:19","date_gmt":"2024-12-04T00:07:19","guid":{"rendered":"https:\/\/guapimirim.rj.gov.br\/novosite\/?p=2837"},"modified":"2025-10-10T21:08:38","modified_gmt":"2025-10-11T00:08:38","slug":"programa-operacao-trabalho-abre-novas-vagas-em-guapimirim","status":"publish","type":"post","link":"https:\/\/guapimirim.rj.gov.br\/novosite\/programa-operacao-trabalho-abre-novas-vagas-em-guapimirim\/","title":{"rendered":"Programa Opera\u00e7\u00e3o Trabalho abre novas vagas em Guapimirim"},"content":{"rendered":"<section class=\"elementor-section elementor-top-section elementor-element elementor-element-32830c2 elementor-section-boxed elementor-section-height-default elementor-section-height-default\" data-id=\"32830c2\" data-element_type=\"section\" data-settings=\"{&quot;_ha_eqh_enable&quot;:false}\">\n<div class=\"elementor-container elementor-column-gap-default\">\n<div class=\"elementor-column elementor-col-100 elementor-top-column elementor-element elementor-element-0f86f7f\" data-id=\"0f86f7f\" data-element_type=\"column\">\n<div class=\"elementor-widget-wrap elementor-element-populated\">\n<div class=\"elementor-element elementor-element-ef7b59d elementor-widget elementor-widget-theme-post-content\" data-id=\"ef7b59d\" data-element_type=\"widget\" data-widget_type=\"theme-post-content.default\">\n<div class=\"elementor-widget-container\">\n<p>Os novos benefici\u00e1rios em Guapimirim ter\u00e3o oportunidade de concorrer \u00e0 novas vagas no Programa Opera\u00e7\u00e3o Trabalho. A Secretaria de Assist\u00eancia Social e Direitos Humanos disponibilizou o fomul\u00e1rio online que pode ser acessado no link abaixo.<\/p>\n<p>Para aqueles que desejam aux\u00edlio para o preenchimento, basta dirigir-se ao CRAS mais pr\u00f3ximo de sua casa.<\/p>\n<p><a href=\"https:\/\/guapimirim.rj.gov.br\/inscricoes-do-pot\/\">Clique aqui para acessar o formul\u00e1rio<\/a><\/p>\n<\/div>\n<\/div>\n<\/div>\n<\/div>\n<\/div>\n<\/section>\n<section class=\"elementor-section elementor-top-section elementor-element elementor-element-7814566 elementor-section-boxed elementor-section-height-default elementor-section-height-default\" data-id=\"7814566\" data-element_type=\"section\" data-settings=\"{&quot;_ha_eqh_enable&quot;:false}\">\n<div class=\"elementor-container elementor-column-gap-default\">\n<div class=\"elementor-column elementor-col-100 elementor-top-column elementor-element elementor-element-322278b\" data-id=\"322278b\" data-element_type=\"column\" data-settings=\"{&quot;background_background&quot;:&quot;classic&quot;}\">\n<div class=\"elementor-widget-wrap elementor-element-populated\">\n<div class=\"elementor-element elementor-element-1a823f2 elementor-widget elementor-widget-heading\" data-id=\"1a823f2\" data-element_type=\"widget\" data-widget_type=\"heading.default\">\n<div class=\"elementor-widget-container\"><\/div>\n<\/div>\n<\/div>\n<\/div>\n<\/div>\n<\/section>\n","protected":false},"excerpt":{"rendered":"<p>Os novos benefici\u00e1rios em Guapimirim ter\u00e3o oportunidade de concorrer \u00e0 novas vagas no Programa Opera\u00e7\u00e3o Trabalho. A Secretaria de Assist\u00eancia Social e Direitos Humanos disponibilizou o fomul\u00e1rio online que pode ser acessado no link abaixo. Para aqueles que desejam aux\u00edlio para o preenchimento, basta dirigir-se ao CRAS mais pr\u00f3ximo de sua casa. Clique aqui para [&hellip;]<\/p>\n","protected":false},"author":1,"featured_media":2838,"comment_status":"open","ping_status":"open","sticky":false,"template":"","format":"standard","meta":{"footnotes":""},"categories":[37,33],"tags":[],"class_list":["post-2837","post","type-post","status-publish","format-standard","has-post-thumbnail","hentry","category-assistencia-social","category-destaque"],"_links":{"self":[{"href":"https:\/\/guapimirim.rj.gov.br\/novosite\/wp-json\/wp\/v2\/posts\/2837","targetHints":{"allow":["GET"]}}],"collection":[{"href":"https:\/\/guapimirim.rj.gov.br\/novosite\/wp-json\/wp\/v2\/posts"}],"about":[{"href":"https:\/\/guapimirim.rj.gov.br\/novosite\/wp-json\/wp\/v2\/types\/post"}],"author":[{"embeddable":true,"href":"https:\/\/guapimirim.rj.gov.br\/novosite\/wp-json\/wp\/v2\/users\/1"}],"replies":[{"embeddable":true,"href":"https:\/\/guapimirim.rj.gov.br\/novosite\/wp-json\/wp\/v2\/comments?post=2837"}],"version-history":[{"count":1,"href":"https:\/\/guapimirim.rj.gov.br\/novosite\/wp-json\/wp\/v2\/posts\/2837\/revisions"}],"predecessor-version":[{"id":2839,"href":"https:\/\/guapimirim.rj.gov.br\/novosite\/wp-json\/wp\/v2\/posts\/2837\/revisions\/2839"}],"wp:featuredmedia":[{"embeddable":true,"href":"https:\/\/guapimirim.rj.gov.br\/novosite\/wp-json\/wp\/v2\/media\/2838"}],"wp:attachment":[{"href":"https:\/\/guapimirim.rj.gov.br\/novosite\/wp-json\/wp\/v2\/media?parent=2837"}],"wp:term":[{"taxonomy":"category","embeddable":true,"href":"https:\/\/guapimirim.rj.gov.br\/novosite\/wp-json\/wp\/v2\/categories?post=2837"},{"taxonomy":"post_tag","embeddable":true,"href":"https:\/\/guapimirim.rj.gov.br\/novosite\/wp-json\/wp\/v2\/tags?post=2837"}],"curies":[{"name":"wp","href":"https:\/\/api.w.org\/{rel}","templated":true}]}}