{"id":2716,"date":"2024-08-14T15:11:43","date_gmt":"2024-08-14T18:11:43","guid":{"rendered":"https:\/\/guapimirim.rj.gov.br\/novosite\/?p=2716"},"modified":"2025-10-09T15:12:53","modified_gmt":"2025-10-09T18:12:53","slug":"expoguapi-2024-confira-a-programacao-completa","status":"publish","type":"post","link":"https:\/\/guapimirim.rj.gov.br\/novosite\/expoguapi-2024-confira-a-programacao-completa\/","title":{"rendered":"ExpoGuapi 2024: Confira a Programa\u00e7\u00e3o Completa!"},"content":{"rendered":"<p>A Prefeitura Municipal de Guapimirim tem o prazer de anunciar a ExpoGuapi 2024, que acontecer\u00e1 nos dias 06, 07 e 08 de setembro no P\u00e1tio Modelo. Prepare-se para viver tr\u00eas dias de muita divers\u00e3o, cultura e entretenimento para toda a fam\u00edlia!<\/p>\n<p>\ud83d\udcc5 Data: 06, 07 e 08 de Setembro de 2024<br \/>\n\ud83d\udccd Local: P\u00e1tio Modelo, Guapimirim<br \/>\n\ud83c\udfa4 Atra\u00e7\u00f5es Musicais:<\/p>\n<p>\ud83d\udc34 Exposi\u00e7\u00f5es Agropecu\u00e1rias:<br \/>\nParticipe das exposi\u00e7\u00f5es de animais, que s\u00e3o tradi\u00e7\u00e3o na ExpoGuapi. Um espa\u00e7o especial para conhecer o que h\u00e1 de melhor na agropecu\u00e1ria da regi\u00e3o.<\/p>\n<p>\ud83c\udf74 Gastronomia:<br \/>\nDelicie-se com a variedade de comidas t\u00edpicas e sabores \u00fanicos da nossa terra. Barracas com pratos regionais, food trucks e muito mais esperam por voc\u00ea.<\/p>\n<p>\ud83c\udfa0 Parque de Divers\u00f5es:<br \/>\nDivers\u00e3o garantida para as crian\u00e7as e toda a fam\u00edlia com um parque de divers\u00f5es completo, trazendo brinquedos para todas as idades.<\/p>\n<p>\ud83c\udfa8 Artesanato e Cultura:<br \/>\nConhe\u00e7a o artesanato local e as manifesta\u00e7\u00f5es culturais de Guapimirim, com uma feira cheia de criatividade e talento.<\/p>\n<p>\ud83c\udf9f\ufe0f Ingressos:<br \/>\nA entrada \u00e9 gratuita!<br \/>\nN\u00e3o perca essa oportunidade de aproveitar o melhor da ExpoGuapi 2024! Traga sua fam\u00edlia e amigos para tr\u00eas dias inesquec\u00edveis em Guapimirim. Nos vemos l\u00e1!<\/p>\n<p>ESPA\u00c7O DO PRODUTOR RUNAL<\/p>\n<table>\n<tbody>\n<tr>\n<td><strong>\u00a0 \u00a0 \u00a0 \u00a0 DATA<\/strong><\/td>\n<td><strong>\u00a0 \u00a0 \u00a0 \u00a0 HOR\u00c1RIO<\/strong><\/td>\n<td><strong>\u00a0ESPA\u00c7O DO PRODUTOR RURAL<\/strong><\/td>\n<\/tr>\n<tr>\n<td>06\/09 \u2013\u00a0<strong>SEXTA<\/strong><\/td>\n<td>\u00a018:00&nbsp;<\/p>\n<p>20:00<\/td>\n<td>DJ SAGRETE&nbsp;<\/p>\n<p><strong>TRIO GABORGES<\/strong><\/td>\n<\/tr>\n<tr>\n<td>07\/09 \u2013<strong>S\u00c1BADO<\/strong><\/td>\n<td>\u00a018:00&nbsp;<\/p>\n<p>20:00<\/td>\n<td>DJ SAGRETE&nbsp;<\/p>\n<p><strong>TRIO GABORGES<\/strong><\/td>\n<\/tr>\n<tr>\n<td>08\/09 \u2013\u00a0<strong>DOMINGO<\/strong><\/td>\n<td>\u00a018:00&nbsp;<\/p>\n<p>20:00<\/td>\n<td>DJ SAGRETE&nbsp;<\/p>\n<p><strong>TRIO GABORGES<\/strong><\/td>\n<\/tr>\n<\/tbody>\n<\/table>\n<p>&nbsp;<\/p>\n<table class=\" alignleft\">\n<tbody>\n<tr>\n<td><strong>\u00a0 \u00a0 \u00a0 \u00a0 DATA<\/strong><\/td>\n<td><strong>\u00a0 \u00a0 \u00a0 \u00a0 HOR\u00c1RIO<\/strong><\/td>\n<td><strong>PALCO PRINCIPAL<\/strong><\/td>\n<\/tr>\n<tr>\n<td>06\/09 \u2013\u00a0<strong>SEXTA<\/strong><\/td>\n<td>21:00&nbsp;<\/p>\n<p>21:30<\/p>\n<p>20:30<\/p>\n<p>23:00<\/p>\n<p>&nbsp;<\/td>\n<td>\u00a0Dj Ectori&nbsp;<\/p>\n<p>C\u00e1tia Valois<\/p>\n<p>Dj Rugal<\/p>\n<p><strong>Yasmim Santos<\/strong><\/td>\n<\/tr>\n<tr>\n<td>07\/09 \u2013<strong>S\u00c1BADO<\/strong><\/td>\n<td>21:00&nbsp;<\/p>\n<p>21:30<\/p>\n<p>20:30<\/p>\n<p>23:00<\/td>\n<td>\u00a0Dj Ectori&nbsp;<\/p>\n<p>Felipe Rodrigues<\/p>\n<p>Dj Ectori<\/p>\n<p><strong>Os Bar\u00f5es da Pisadinha<\/strong><\/td>\n<\/tr>\n<tr>\n<td>08\/09 \u2013\u00a0<strong>DOMINGO<\/strong><\/td>\n<td>\u00a021:00&nbsp;<\/p>\n<p>21:30<\/p>\n<p>20:30<\/p>\n<p>23:00<\/td>\n<td>\u00a0Dj Ectori&nbsp;<\/p>\n<p>Romulo Loves<\/p>\n<p>Dj Ectori<\/p>\n<p><strong>Zez\u00e9 Di Camargo\u00a0<\/strong><\/td>\n<\/tr>\n<\/tbody>\n<\/table>\n<p>&nbsp;<\/p>\n","protected":false},"excerpt":{"rendered":"<p>A Prefeitura Municipal de Guapimirim tem o prazer de anunciar a ExpoGuapi 2024, que acontecer\u00e1 nos dias 06, 07 e 08 de setembro no P\u00e1tio Modelo. Prepare-se para viver tr\u00eas dias de muita divers\u00e3o, cultura e entretenimento para toda a fam\u00edlia! \ud83d\udcc5 Data: 06, 07 e 08 de Setembro de 2024 \ud83d\udccd Local: P\u00e1tio Modelo, [&hellip;]<\/p>\n","protected":false},"author":1,"featured_media":2717,"comment_status":"open","ping_status":"open","sticky":false,"template":"","format":"standard","meta":{"footnotes":""},"categories":[40,33],"tags":[],"class_list":["post-2716","post","type-post","status-publish","format-standard","has-post-thumbnail","hentry","category-agricultura","category-destaque"],"_links":{"self":[{"href":"https:\/\/guapimirim.rj.gov.br\/novosite\/wp-json\/wp\/v2\/posts\/2716","targetHints":{"allow":["GET"]}}],"collection":[{"href":"https:\/\/guapimirim.rj.gov.br\/novosite\/wp-json\/wp\/v2\/posts"}],"about":[{"href":"https:\/\/guapimirim.rj.gov.br\/novosite\/wp-json\/wp\/v2\/types\/post"}],"author":[{"embeddable":true,"href":"https:\/\/guapimirim.rj.gov.br\/novosite\/wp-json\/wp\/v2\/users\/1"}],"replies":[{"embeddable":true,"href":"https:\/\/guapimirim.rj.gov.br\/novosite\/wp-json\/wp\/v2\/comments?post=2716"}],"version-history":[{"count":1,"href":"https:\/\/guapimirim.rj.gov.br\/novosite\/wp-json\/wp\/v2\/posts\/2716\/revisions"}],"predecessor-version":[{"id":2718,"href":"https:\/\/guapimirim.rj.gov.br\/novosite\/wp-json\/wp\/v2\/posts\/2716\/revisions\/2718"}],"wp:featuredmedia":[{"embeddable":true,"href":"https:\/\/guapimirim.rj.gov.br\/novosite\/wp-json\/wp\/v2\/media\/2717"}],"wp:attachment":[{"href":"https:\/\/guapimirim.rj.gov.br\/novosite\/wp-json\/wp\/v2\/media?parent=2716"}],"wp:term":[{"taxonomy":"category","embeddable":true,"href":"https:\/\/guapimirim.rj.gov.br\/novosite\/wp-json\/wp\/v2\/categories?post=2716"},{"taxonomy":"post_tag","embeddable":true,"href":"https:\/\/guapimirim.rj.gov.br\/novosite\/wp-json\/wp\/v2\/tags?post=2716"}],"curies":[{"name":"wp","href":"https:\/\/api.w.org\/{rel}","templated":true}]}}