{"id":2707,"date":"2022-08-22T15:08:04","date_gmt":"2022-08-22T18:08:04","guid":{"rendered":"https:\/\/guapimirim.rj.gov.br\/novosite\/?p=2707"},"modified":"2025-10-09T15:09:10","modified_gmt":"2025-10-09T18:09:10","slug":"1a-festa-do-aipim-de-guapimirim-acontecera-de-2-a-4-de-setembro-e-celebra-a-producao-agricola-da-cidade","status":"publish","type":"post","link":"https:\/\/guapimirim.rj.gov.br\/novosite\/1a-festa-do-aipim-de-guapimirim-acontecera-de-2-a-4-de-setembro-e-celebra-a-producao-agricola-da-cidade\/","title":{"rendered":"1\u00aa Festa do Aipim de Guapimirim acontecer\u00e1 de 2 a 4 de setembro e celebra a produ\u00e7\u00e3o agr\u00edcola da cidade"},"content":{"rendered":"<p>A Primeira Festa do Aipim de Guapimirim vai acontecer durante tr\u00eas dias no Parque da Cidade, que fica localizado no bairro da Cotia.<\/p>\n<p>Guapimirim est\u00e1 entre os maiores produtores da cultura do aipim do nosso estado. Por isso, esse grande evento foi pensado para valorizar a nossa cultura agr\u00edcola local e seu enorme potencial, assim como fomentar a ideia de pertencimento regional na agricultura.<\/p>\n<p>A entrada \u00e9 gratuita. Os nossos artistas locais v\u00e3o comandar a festa junto com grandes nomes do cen\u00e1rio musical do momento como Mumuzinho, Suel e Felipe Ara\u00fajo.<\/p>\n<p>A programa\u00e7\u00e3o da Festa do Aipim tamb\u00e9m vai contar com a Feira do Produtor Rural, trazendo os produtos aqui da nossa cidade, Festival Gastron\u00f4mico, \u00c1rea Kids e muito mais!<\/p>\n<p>Confira abaixo a programa\u00e7\u00e3o completa da Festa do Aipim:<\/p>\n<p><strong>Sexta Feira 02\/09<\/strong><br \/>\nPalco Principal<br \/>\n<em>19h- Abertura das atividades da festa do Aipim<\/em><br \/>\n<em>21h-Dj Louise<\/em><br \/>\n<em>22h-Xand\u00e3o<\/em><br \/>\n<strong><em>23h30m -Mumuzinho<\/em><\/strong><\/p>\n<p><strong>S\u00e1bado 03\/09<\/strong><br \/>\nPalco Pratas da Casa<br \/>\n<em>11h-Chegada do Passeio Cicl\u00edstico Pedala Guapimirim<\/em><br \/>\n<em>11h-Filipinho<\/em><br \/>\n<em>12h30m-Aceitai<\/em><br \/>\n<em>14h-Samba na Feira<br \/>\n<\/em><br \/>\nPalco Principal<br \/>\n<em>20h-Sonho D\u2019Moleque<\/em><br \/>\n<em>21h30m-Romulo e Ricardo<\/em><br \/>\n<em>23h-CDC\/Ary Victor<\/em><br \/>\n<em>00h:30m-Dj VT<\/em><br \/>\n<em><strong>1h-Suel<\/strong><\/em><\/p>\n<p><strong>Domingo 04\/09<\/strong><br \/>\nPalco Pratas da Casa<br \/>\n<em>12h-Trio Ecol\u00f3gico<\/em><br \/>\n<em>14h- Banda Arcano<\/em><br \/>\n<em>16h-Forgetten Rocks<\/em><br \/>\n<em>18h-Irio Lima\/Gabi Santos<br \/>\n<\/em><br \/>\nPalco Principal<br \/>\n<em>21h-Eternizar \/ Dion<\/em><br \/>\n<em>22h30m-Dj Apolo<\/em><br \/>\n<strong><em>23:30hrs-Felipe Ara\u00fajo<\/em><\/strong><\/p>\n","protected":false},"excerpt":{"rendered":"<p>A Primeira Festa do Aipim de Guapimirim vai acontecer durante tr\u00eas dias no Parque da Cidade, que fica localizado no bairro da Cotia. Guapimirim est\u00e1 entre os maiores produtores da cultura do aipim do nosso estado. Por isso, esse grande evento foi pensado para valorizar a nossa cultura agr\u00edcola local e seu enorme potencial, assim [&hellip;]<\/p>\n","protected":false},"author":1,"featured_media":2708,"comment_status":"open","ping_status":"open","sticky":false,"template":"","format":"standard","meta":{"footnotes":""},"categories":[40,33],"tags":[],"class_list":["post-2707","post","type-post","status-publish","format-standard","has-post-thumbnail","hentry","category-agricultura","category-destaque"],"_links":{"self":[{"href":"https:\/\/guapimirim.rj.gov.br\/novosite\/wp-json\/wp\/v2\/posts\/2707","targetHints":{"allow":["GET"]}}],"collection":[{"href":"https:\/\/guapimirim.rj.gov.br\/novosite\/wp-json\/wp\/v2\/posts"}],"about":[{"href":"https:\/\/guapimirim.rj.gov.br\/novosite\/wp-json\/wp\/v2\/types\/post"}],"author":[{"embeddable":true,"href":"https:\/\/guapimirim.rj.gov.br\/novosite\/wp-json\/wp\/v2\/users\/1"}],"replies":[{"embeddable":true,"href":"https:\/\/guapimirim.rj.gov.br\/novosite\/wp-json\/wp\/v2\/comments?post=2707"}],"version-history":[{"count":1,"href":"https:\/\/guapimirim.rj.gov.br\/novosite\/wp-json\/wp\/v2\/posts\/2707\/revisions"}],"predecessor-version":[{"id":2709,"href":"https:\/\/guapimirim.rj.gov.br\/novosite\/wp-json\/wp\/v2\/posts\/2707\/revisions\/2709"}],"wp:featuredmedia":[{"embeddable":true,"href":"https:\/\/guapimirim.rj.gov.br\/novosite\/wp-json\/wp\/v2\/media\/2708"}],"wp:attachment":[{"href":"https:\/\/guapimirim.rj.gov.br\/novosite\/wp-json\/wp\/v2\/media?parent=2707"}],"wp:term":[{"taxonomy":"category","embeddable":true,"href":"https:\/\/guapimirim.rj.gov.br\/novosite\/wp-json\/wp\/v2\/categories?post=2707"},{"taxonomy":"post_tag","embeddable":true,"href":"https:\/\/guapimirim.rj.gov.br\/novosite\/wp-json\/wp\/v2\/tags?post=2707"}],"curies":[{"name":"wp","href":"https:\/\/api.w.org\/{rel}","templated":true}]}}