{"id":2486,"date":"2025-09-19T11:29:38","date_gmt":"2025-09-19T14:29:38","guid":{"rendered":"https:\/\/guapimirim.rj.gov.br\/novosite\/?p=2486"},"modified":"2025-10-01T11:31:04","modified_gmt":"2025-10-01T14:31:04","slug":"guapimirim-inaugura-a-clinica-de-saude-amelia-de-oliveira-macedo-em-parada-ideal","status":"publish","type":"post","link":"https:\/\/guapimirim.rj.gov.br\/novosite\/guapimirim-inaugura-a-clinica-de-saude-amelia-de-oliveira-macedo-em-parada-ideal\/","title":{"rendered":"Guapimirim inaugura a Cl\u00ednica de Sa\u00fade Am\u00e9lia de Oliveira Macedo em Parada Ideal"},"content":{"rendered":"<p>No \u00faltimo dia 18 de setembro, Guapimirim viveu um momento hist\u00f3rico para a \u00e1rea da sa\u00fade com a inaugura\u00e7\u00e3o da Cl\u00ednica de Sa\u00fade Am\u00e9lia de Oliveira Macedo, no bairro de Parada Ideal.<\/p>\n<p>A nova unidade chega para substituir o antigo posto de sa\u00fade, que funcionava em um espa\u00e7o alugado e sem estrutura adequada. Agora, moradores contam com instala\u00e7\u00f5es modernas, equipamentos novos e toda a infraestrutura necess\u00e1ria para garantir atendimento digno, humanizado e de qualidade.<\/p>\n<p>A solenidade de inaugura\u00e7\u00e3o reuniu diversas autoridades municipais, al\u00e9m de moradores da regi\u00e3o, que celebraram a conquista de um espa\u00e7o preparado para atender \u00e0s demandas da comunidade com muito mais conforto e efici\u00eancia.<\/p>\n<div id='gallery-1' class='gallery galleryid-2486 gallery-columns-2 gallery-size-large'><figure class='gallery-item'>\n\t\t\t<div class='gallery-icon landscape'>\n\t\t\t\t<a href='https:\/\/guapimirim.rj.gov.br\/novosite\/wp-content\/uploads\/2025\/10\/clinicaideal1.jpg'><img fetchpriority=\"high\" decoding=\"async\" width=\"800\" height=\"534\" src=\"https:\/\/guapimirim.rj.gov.br\/novosite\/wp-content\/uploads\/2025\/10\/clinicaideal1.jpg\" class=\"attachment-large size-large\" alt=\"\" srcset=\"https:\/\/guapimirim.rj.gov.br\/novosite\/wp-content\/uploads\/2025\/10\/clinicaideal1.jpg 1024w, https:\/\/guapimirim.rj.gov.br\/novosite\/wp-content\/uploads\/2025\/10\/clinicaideal1-300x200.jpg 300w, https:\/\/guapimirim.rj.gov.br\/novosite\/wp-content\/uploads\/2025\/10\/clinicaideal1-768x512.jpg 768w\" sizes=\"(max-width: 800px) 100vw, 800px\" \/><\/a>\n\t\t\t<\/div><\/figure><figure class='gallery-item'>\n\t\t\t<div class='gallery-icon landscape'>\n\t\t\t\t<a href='https:\/\/guapimirim.rj.gov.br\/novosite\/wp-content\/uploads\/2025\/10\/clinicaideal2.jpg'><img decoding=\"async\" width=\"800\" height=\"534\" src=\"https:\/\/guapimirim.rj.gov.br\/novosite\/wp-content\/uploads\/2025\/10\/clinicaideal2.jpg\" class=\"attachment-large size-large\" alt=\"\" srcset=\"https:\/\/guapimirim.rj.gov.br\/novosite\/wp-content\/uploads\/2025\/10\/clinicaideal2.jpg 1024w, https:\/\/guapimirim.rj.gov.br\/novosite\/wp-content\/uploads\/2025\/10\/clinicaideal2-300x200.jpg 300w, https:\/\/guapimirim.rj.gov.br\/novosite\/wp-content\/uploads\/2025\/10\/clinicaideal2-768x512.jpg 768w\" sizes=\"(max-width: 800px) 100vw, 800px\" \/><\/a>\n\t\t\t<\/div><\/figure>\n\t\t<\/div>\n\n<p>Durante a cerim\u00f4nia, a Prefeita Marina Rocha destacou a import\u00e2ncia de cuidar n\u00e3o apenas da estrutura, mas tamb\u00e9m das pessoas:<\/p>\n<blockquote><p>\u201cEntregamos uma cl\u00ednica moderna e totalmente equipada, mas o que realmente far\u00e1 diferen\u00e7a \u00e9 o cuidado humano. Quero que cada paciente que entrar por estas portas seja tratado com respeito, carinho e dedica\u00e7\u00e3o. A sa\u00fade vai muito al\u00e9m de exames e consultas; ela come\u00e7a no acolhimento\u201d, afirmou.<\/p><\/blockquote>\n<p>Com a inaugura\u00e7\u00e3o da Cl\u00ednica de Sa\u00fade Am\u00e9lia de Oliveira Macedo, a Prefeitura reafirma seu compromisso em investir no bem-estar da popula\u00e7\u00e3o e em oferecer um sistema de sa\u00fade cada vez mais eficiente e pr\u00f3ximo da realidade dos cidad\u00e3os.<\/p>\n","protected":false},"excerpt":{"rendered":"<p>No \u00faltimo dia 18 de setembro, Guapimirim viveu um momento hist\u00f3rico para a \u00e1rea da sa\u00fade com a inaugura\u00e7\u00e3o da Cl\u00ednica de Sa\u00fade Am\u00e9lia de Oliveira Macedo, no bairro de Parada Ideal. A nova unidade chega para substituir o antigo posto de sa\u00fade, que funcionava em um espa\u00e7o alugado e sem estrutura adequada. Agora, moradores [&hellip;]<\/p>\n","protected":false},"author":1,"featured_media":2487,"comment_status":"open","ping_status":"open","sticky":false,"template":"","format":"standard","meta":{"footnotes":""},"categories":[33,29],"tags":[],"class_list":["post-2486","post","type-post","status-publish","format-standard","has-post-thumbnail","hentry","category-destaque","category-saude"],"_links":{"self":[{"href":"https:\/\/guapimirim.rj.gov.br\/novosite\/wp-json\/wp\/v2\/posts\/2486","targetHints":{"allow":["GET"]}}],"collection":[{"href":"https:\/\/guapimirim.rj.gov.br\/novosite\/wp-json\/wp\/v2\/posts"}],"about":[{"href":"https:\/\/guapimirim.rj.gov.br\/novosite\/wp-json\/wp\/v2\/types\/post"}],"author":[{"embeddable":true,"href":"https:\/\/guapimirim.rj.gov.br\/novosite\/wp-json\/wp\/v2\/users\/1"}],"replies":[{"embeddable":true,"href":"https:\/\/guapimirim.rj.gov.br\/novosite\/wp-json\/wp\/v2\/comments?post=2486"}],"version-history":[{"count":1,"href":"https:\/\/guapimirim.rj.gov.br\/novosite\/wp-json\/wp\/v2\/posts\/2486\/revisions"}],"predecessor-version":[{"id":2490,"href":"https:\/\/guapimirim.rj.gov.br\/novosite\/wp-json\/wp\/v2\/posts\/2486\/revisions\/2490"}],"wp:featuredmedia":[{"embeddable":true,"href":"https:\/\/guapimirim.rj.gov.br\/novosite\/wp-json\/wp\/v2\/media\/2487"}],"wp:attachment":[{"href":"https:\/\/guapimirim.rj.gov.br\/novosite\/wp-json\/wp\/v2\/media?parent=2486"}],"wp:term":[{"taxonomy":"category","embeddable":true,"href":"https:\/\/guapimirim.rj.gov.br\/novosite\/wp-json\/wp\/v2\/categories?post=2486"},{"taxonomy":"post_tag","embeddable":true,"href":"https:\/\/guapimirim.rj.gov.br\/novosite\/wp-json\/wp\/v2\/tags?post=2486"}],"curies":[{"name":"wp","href":"https:\/\/api.w.org\/{rel}","templated":true}]}}