{"id":2483,"date":"2025-10-01T11:10:50","date_gmt":"2025-10-01T14:10:50","guid":{"rendered":"https:\/\/guapimirim.rj.gov.br\/novosite\/?p=2483"},"modified":"2025-10-01T11:10:50","modified_gmt":"2025-10-01T14:10:50","slug":"inscricoes-abertas-para-o-concurso-cultural-o-nosso-natal-e-tao-fantastico-que-faz-nevar-ate-no-dedo-de-deus","status":"publish","type":"post","link":"https:\/\/guapimirim.rj.gov.br\/novosite\/inscricoes-abertas-para-o-concurso-cultural-o-nosso-natal-e-tao-fantastico-que-faz-nevar-ate-no-dedo-de-deus\/","title":{"rendered":"Inscri\u00e7\u00f5es abertas para o concurso cultural \u201cO Nosso Natal \u00e9 T\u00e3o Fant\u00e1stico que Faz Nevar at\u00e9 no Dedo de Deus\u201d"},"content":{"rendered":"<p data-start=\"181\" data-end=\"506\">Guapimirim se prepara para viver um dos per\u00edodos mais encantadores do ano. Com o objetivo de celebrar o esp\u00edrito natalino e envolver toda a popula\u00e7\u00e3o, a ACEG \u2013 Associa\u00e7\u00e3o Comercial de Guapimirim, em parceria com a Prefeitura, lan\u00e7a o concurso cultural <strong data-start=\"433\" data-end=\"503\">\u201cO Nosso Natal \u00e9 T\u00e3o Fant\u00e1stico que Faz Nevar at\u00e9 no Dedo de Deus\u201d<\/strong>.<\/p>\n<p data-start=\"508\" data-end=\"829\">A iniciativa premiar\u00e1 <strong data-start=\"530\" data-end=\"586\">casas, condom\u00ednios, ruas e com\u00e9rcios mais enfeitados<\/strong>, estimulando a criatividade, a sustentabilidade e a tradi\u00e7\u00e3o natalina. O tema escolhido para este ano \u00e9 <strong data-start=\"691\" data-end=\"701\">\u201cSnow\u201d<\/strong>, trazendo a magia da neve como inspira\u00e7\u00e3o e dialogando com um dos s\u00edmbolos naturais mais marcantes da cidade: o Dedo de Deus.<\/p>\n<p data-start=\"831\" data-end=\"1096\">Mais do que um concurso de decora\u00e7\u00e3o, a proposta busca fortalecer a identidade local e transformar Guapimirim em palco de um espet\u00e1culo coletivo: o <strong data-start=\"979\" data-end=\"1008\">Fant\u00e1stico Natal de Guapi<\/strong>, festa que j\u00e1 conquistou o cora\u00e7\u00e3o dos moradores e atrai visitantes de toda a regi\u00e3o.<\/p>\n<p data-start=\"1098\" data-end=\"1187\">Segundo a organiza\u00e7\u00e3o, a ideia \u00e9 mobilizar a comunidade em torno de um mesmo prop\u00f3sito:<\/p>\n<blockquote>\n<p data-start=\"1190\" data-end=\"1435\">\u201cQueremos que cada morador, comerciante e comunidade participe ativamente dessa celebra\u00e7\u00e3o. O concurso \u00e9 uma oportunidade de mostrar talento e criatividade, mas, acima de tudo, de refor\u00e7ar o esp\u00edrito de uni\u00e3o e alegria que o Natal representa\u201d.<\/p>\n<\/blockquote>\n<h3 data-start=\"1437\" data-end=\"1464\">Inscri\u00e7\u00f5es j\u00e1 abertas<\/h3>\n<p data-start=\"1465\" data-end=\"1644\">As inscri\u00e7\u00f5es come\u00e7am neste <strong data-start=\"1494\" data-end=\"1511\">1\u00ba de outubro<\/strong> e devem ser feitas <strong data-start=\"1533\" data-end=\"1550\">gratuitamente<\/strong> pelo <b>formul\u00e1rio abaixo<\/b>.<\/p>\n<p data-start=\"1646\" data-end=\"1877\">A participa\u00e7\u00e3o \u00e9 aberta a todos os interessados, e os vencedores ter\u00e3o <strong data-start=\"1717\" data-end=\"1790\">destaque especial na programa\u00e7\u00e3o oficial do Fant\u00e1stico Natal de Guapi<\/strong>, que promete transformar a cidade em um verdadeiro cen\u00e1rio de sonhos e encantamento.<\/p>\n<p data-start=\"1879\" data-end=\"2063\">Com essa iniciativa, Guapimirim reafirma sua tradi\u00e7\u00e3o natalina e fortalece o protagonismo da comunidade na constru\u00e7\u00e3o de uma festa que j\u00e1 se tornou <strong data-start=\"2027\" data-end=\"2060\">marca registrada do munic\u00edpio<\/strong>.<\/p>\n<p><iframe src=\"https:\/\/guapimirim.rj.gov.br\/novosite\/cadastro-casas-do-natal\/\" width=\"1140px\" height=\"1452px\" allowfullscreen=\"allowfullscreen\"><span data-mce-type=\"bookmark\" style=\"display: inline-block; width: 0px; overflow: hidden; line-height: 0;\" class=\"mce_SELRES_start\">\ufeff<\/span><span data-mce-type=\"bookmark\" style=\"display: inline-block; width: 0px; overflow: hidden; line-height: 0;\" class=\"mce_SELRES_start\">\ufeff<\/span><span data-mce-type=\"bookmark\" style=\"display: inline-block; width: 0px; overflow: hidden; line-height: 0;\" class=\"mce_SELRES_start\">\ufeff<\/span><span data-mce-type=\"bookmark\" style=\"display: inline-block; width: 0px; overflow: hidden; line-height: 0;\" class=\"mce_SELRES_start\">\ufeff<\/span><span data-mce-type=\"bookmark\" style=\"display: inline-block; width: 0px; overflow: hidden; line-height: 0;\" class=\"mce_SELRES_start\">\ufeff<\/span><span data-mce-type=\"bookmark\" style=\"display: inline-block; width: 0px; overflow: hidden; line-height: 0;\" class=\"mce_SELRES_start\">\ufeff<\/span><span data-mce-type=\"bookmark\" style=\"display: inline-block; width: 0px; overflow: hidden; line-height: 0;\" class=\"mce_SELRES_start\">\ufeff<\/span><span data-mce-type=\"bookmark\" style=\"display: inline-block; width: 0px; overflow: hidden; line-height: 0;\" class=\"mce_SELRES_start\">\ufeff<\/span><span data-mce-type=\"bookmark\" style=\"display: inline-block; width: 0px; overflow: hidden; line-height: 0;\" class=\"mce_SELRES_start\">\ufeff<\/span><span data-mce-type=\"bookmark\" style=\"display: inline-block; width: 0px; overflow: hidden; line-height: 0;\" class=\"mce_SELRES_start\">\ufeff<\/span><span data-mce-type=\"bookmark\" style=\"display: inline-block; width: 0px; overflow: hidden; line-height: 0;\" class=\"mce_SELRES_start\">\ufeff<\/span><span data-mce-type=\"bookmark\" style=\"display: inline-block; width: 0px; overflow: hidden; line-height: 0;\" class=\"mce_SELRES_start\">\ufeff<\/span><span data-mce-type=\"bookmark\" style=\"display: inline-block; width: 0px; overflow: hidden; line-height: 0;\" class=\"mce_SELRES_start\">\ufeff<\/span><span data-mce-type=\"bookmark\" style=\"display: inline-block; width: 0px; overflow: hidden; line-height: 0;\" class=\"mce_SELRES_start\">\ufeff<\/span><span data-mce-type=\"bookmark\" style=\"display: inline-block; width: 0px; overflow: hidden; line-height: 0;\" class=\"mce_SELRES_start\">\ufeff<\/span><span data-mce-type=\"bookmark\" style=\"display: inline-block; width: 0px; overflow: hidden; line-height: 0;\" class=\"mce_SELRES_start\">\ufeff<\/span><span data-mce-type=\"bookmark\" style=\"display: inline-block; width: 0px; overflow: hidden; line-height: 0;\" class=\"mce_SELRES_start\">\ufeff<\/span><span data-mce-type=\"bookmark\" style=\"display: inline-block; width: 0px; overflow: hidden; line-height: 0;\" class=\"mce_SELRES_start\">\ufeff<\/span><span data-mce-type=\"bookmark\" style=\"display: inline-block; width: 0px; overflow: hidden; line-height: 0;\" class=\"mce_SELRES_start\">\ufeff<\/span><\/iframe><\/p>\n","protected":false},"excerpt":{"rendered":"<p>Guapimirim se prepara para viver um dos per\u00edodos mais encantadores do ano. Com o objetivo de celebrar o esp\u00edrito natalino e envolver toda a popula\u00e7\u00e3o, a ACEG \u2013 Associa\u00e7\u00e3o Comercial de Guapimirim, em parceria com a Prefeitura, lan\u00e7a o concurso cultural \u201cO Nosso Natal \u00e9 T\u00e3o Fant\u00e1stico que Faz Nevar at\u00e9 no Dedo de Deus\u201d. [&hellip;]<\/p>\n","protected":false},"author":1,"featured_media":2484,"comment_status":"open","ping_status":"open","sticky":false,"template":"","format":"standard","meta":{"footnotes":""},"categories":[36,33,38],"tags":[],"class_list":["post-2483","post","type-post","status-publish","format-standard","has-post-thumbnail","hentry","category-cultura","category-destaque","category-gabinete-da-prefeita"],"_links":{"self":[{"href":"https:\/\/guapimirim.rj.gov.br\/novosite\/wp-json\/wp\/v2\/posts\/2483","targetHints":{"allow":["GET"]}}],"collection":[{"href":"https:\/\/guapimirim.rj.gov.br\/novosite\/wp-json\/wp\/v2\/posts"}],"about":[{"href":"https:\/\/guapimirim.rj.gov.br\/novosite\/wp-json\/wp\/v2\/types\/post"}],"author":[{"embeddable":true,"href":"https:\/\/guapimirim.rj.gov.br\/novosite\/wp-json\/wp\/v2\/users\/1"}],"replies":[{"embeddable":true,"href":"https:\/\/guapimirim.rj.gov.br\/novosite\/wp-json\/wp\/v2\/comments?post=2483"}],"version-history":[{"count":1,"href":"https:\/\/guapimirim.rj.gov.br\/novosite\/wp-json\/wp\/v2\/posts\/2483\/revisions"}],"predecessor-version":[{"id":2485,"href":"https:\/\/guapimirim.rj.gov.br\/novosite\/wp-json\/wp\/v2\/posts\/2483\/revisions\/2485"}],"wp:featuredmedia":[{"embeddable":true,"href":"https:\/\/guapimirim.rj.gov.br\/novosite\/wp-json\/wp\/v2\/media\/2484"}],"wp:attachment":[{"href":"https:\/\/guapimirim.rj.gov.br\/novosite\/wp-json\/wp\/v2\/media?parent=2483"}],"wp:term":[{"taxonomy":"category","embeddable":true,"href":"https:\/\/guapimirim.rj.gov.br\/novosite\/wp-json\/wp\/v2\/categories?post=2483"},{"taxonomy":"post_tag","embeddable":true,"href":"https:\/\/guapimirim.rj.gov.br\/novosite\/wp-json\/wp\/v2\/tags?post=2483"}],"curies":[{"name":"wp","href":"https:\/\/api.w.org\/{rel}","templated":true}]}}