{"id":2163,"date":"2022-08-21T14:23:44","date_gmt":"2022-08-21T17:23:44","guid":{"rendered":"https:\/\/guapimirim.rj.gov.br\/novosite\/?p=2163"},"modified":"2025-09-22T14:27:24","modified_gmt":"2025-09-22T17:27:24","slug":"convite-para-a-solenidade-de-apresentacao-do-fluxo-processual-de-legalizacao-e-regularizacao-de-imoveis-no-municipio","status":"publish","type":"post","link":"https:\/\/guapimirim.rj.gov.br\/novosite\/convite-para-a-solenidade-de-apresentacao-do-fluxo-processual-de-legalizacao-e-regularizacao-de-imoveis-no-municipio\/","title":{"rendered":"Convite para a solenidade de apresenta\u00e7\u00e3o do Fluxo Processual de legaliza\u00e7\u00e3o e regulariza\u00e7\u00e3o de im\u00f3veis no munic\u00edpio"},"content":{"rendered":"<p>A Prefeitura de Guapimirim atrav\u00e9s da Secretarias de Urbanismo e Regulariza\u00e7\u00e3o Fundi\u00e1ria e da Secretaria do Ambiente e Sustentabilidade, convidam a todos os profissionais t\u00e9cnicos cadastrados e demais interessados para participar da solenidade de apresenta\u00e7\u00e3o do Fluxo Processual de legaliza\u00e7\u00e3o e regulariza\u00e7\u00e3o de im\u00f3veis no munic\u00edpio.<\/p>\n<p>O evento acontece na pr\u00f3xima ter\u00e7a-feira, 23 de agosto, \u00e0s 10h da manh\u00e3 no audit\u00f3rio da Prefeitura, na sede prinicipal.<\/p>\n<p>Avenida Dedo de Deus, 1160 &#8211; Reta de Guapimirim<\/p>\n","protected":false},"excerpt":{"rendered":"<p>A Prefeitura de Guapimirim atrav\u00e9s da Secretarias de Urbanismo e Regulariza\u00e7\u00e3o Fundi\u00e1ria e da Secretaria do Ambiente e Sustentabilidade, convidam a todos os profissionais t\u00e9cnicos cadastrados e demais interessados para participar da solenidade de apresenta\u00e7\u00e3o do Fluxo Processual de legaliza\u00e7\u00e3o e regulariza\u00e7\u00e3o de im\u00f3veis no munic\u00edpio. O evento acontece na pr\u00f3xima ter\u00e7a-feira, 23 de agosto, [&hellip;]<\/p>\n","protected":false},"author":1,"featured_media":2165,"comment_status":"open","ping_status":"open","sticky":false,"template":"","format":"standard","meta":{"footnotes":""},"categories":[42,33,39],"tags":[],"class_list":["post-2163","post","type-post","status-publish","format-standard","has-post-thumbnail","hentry","category-ambiente","category-destaque","category-urbanismo"],"_links":{"self":[{"href":"https:\/\/guapimirim.rj.gov.br\/novosite\/wp-json\/wp\/v2\/posts\/2163","targetHints":{"allow":["GET"]}}],"collection":[{"href":"https:\/\/guapimirim.rj.gov.br\/novosite\/wp-json\/wp\/v2\/posts"}],"about":[{"href":"https:\/\/guapimirim.rj.gov.br\/novosite\/wp-json\/wp\/v2\/types\/post"}],"author":[{"embeddable":true,"href":"https:\/\/guapimirim.rj.gov.br\/novosite\/wp-json\/wp\/v2\/users\/1"}],"replies":[{"embeddable":true,"href":"https:\/\/guapimirim.rj.gov.br\/novosite\/wp-json\/wp\/v2\/comments?post=2163"}],"version-history":[{"count":1,"href":"https:\/\/guapimirim.rj.gov.br\/novosite\/wp-json\/wp\/v2\/posts\/2163\/revisions"}],"predecessor-version":[{"id":2166,"href":"https:\/\/guapimirim.rj.gov.br\/novosite\/wp-json\/wp\/v2\/posts\/2163\/revisions\/2166"}],"wp:featuredmedia":[{"embeddable":true,"href":"https:\/\/guapimirim.rj.gov.br\/novosite\/wp-json\/wp\/v2\/media\/2165"}],"wp:attachment":[{"href":"https:\/\/guapimirim.rj.gov.br\/novosite\/wp-json\/wp\/v2\/media?parent=2163"}],"wp:term":[{"taxonomy":"category","embeddable":true,"href":"https:\/\/guapimirim.rj.gov.br\/novosite\/wp-json\/wp\/v2\/categories?post=2163"},{"taxonomy":"post_tag","embeddable":true,"href":"https:\/\/guapimirim.rj.gov.br\/novosite\/wp-json\/wp\/v2\/tags?post=2163"}],"curies":[{"name":"wp","href":"https:\/\/api.w.org\/{rel}","templated":true}]}}