{"id":2160,"date":"2022-10-21T14:21:55","date_gmt":"2022-10-21T17:21:55","guid":{"rendered":"https:\/\/guapimirim.rj.gov.br\/novosite\/?p=2160"},"modified":"2025-09-22T14:23:18","modified_gmt":"2025-09-22T17:23:18","slug":"assembleia-de-composicao-e-eleicao-do-conselho-municipal-do-ambiente-e-saneamento-basico-para-a-gestao-2022-2024","status":"publish","type":"post","link":"https:\/\/guapimirim.rj.gov.br\/novosite\/assembleia-de-composicao-e-eleicao-do-conselho-municipal-do-ambiente-e-saneamento-basico-para-a-gestao-2022-2024\/","title":{"rendered":"Assembleia de Composi\u00e7\u00e3o e Elei\u00e7\u00e3o do Conselho Municipal do Ambiente e Saneamento B\u00e1sico para a gest\u00e3o 2022-2024"},"content":{"rendered":"<p>A prefeitura de Guapimirim convoca os representantes da sociedade civil e a popula\u00e7\u00e3o em geral com sede e atividade no munic\u00edpio, para Assembleia de Composi\u00e7\u00e3o e Elei\u00e7\u00e3o do Conselho<br \/>\nMunicipal do Ambiente e Saneamento B\u00e1sico para a gest\u00e3o 2022-2024, que ser\u00e1 realizada no dia 19 de novembro de 2022, das 13:00 \u00e0s 17:00 na Sede Campestre do COOPCORREIO, situado a Estrada Imperial, 326, Guapimirim.<\/p>\n<p>Confira todas as informa\u00e7\u00f5es sobre esta assembl\u00e9ia baixando o <a href=\"https:\/\/guapimirim.rj.gov.br\/wp-content\/uploads\/2022\/10\/EDITAL-ASSEMBLEIA-CMASB-Rev.2-1.pdf\">edital de convoca\u00e7\u00e3o aqui<\/a>.<\/p>\n","protected":false},"excerpt":{"rendered":"<p>A prefeitura de Guapimirim convoca os representantes da sociedade civil e a popula\u00e7\u00e3o em geral com sede e atividade no munic\u00edpio, para Assembleia de Composi\u00e7\u00e3o e Elei\u00e7\u00e3o do Conselho Municipal do Ambiente e Saneamento B\u00e1sico para a gest\u00e3o 2022-2024, que ser\u00e1 realizada no dia 19 de novembro de 2022, das 13:00 \u00e0s 17:00 na Sede [&hellip;]<\/p>\n","protected":false},"author":1,"featured_media":2161,"comment_status":"open","ping_status":"open","sticky":false,"template":"","format":"standard","meta":{"footnotes":""},"categories":[42,33],"tags":[],"class_list":["post-2160","post","type-post","status-publish","format-standard","has-post-thumbnail","hentry","category-ambiente","category-destaque"],"_links":{"self":[{"href":"https:\/\/guapimirim.rj.gov.br\/novosite\/wp-json\/wp\/v2\/posts\/2160","targetHints":{"allow":["GET"]}}],"collection":[{"href":"https:\/\/guapimirim.rj.gov.br\/novosite\/wp-json\/wp\/v2\/posts"}],"about":[{"href":"https:\/\/guapimirim.rj.gov.br\/novosite\/wp-json\/wp\/v2\/types\/post"}],"author":[{"embeddable":true,"href":"https:\/\/guapimirim.rj.gov.br\/novosite\/wp-json\/wp\/v2\/users\/1"}],"replies":[{"embeddable":true,"href":"https:\/\/guapimirim.rj.gov.br\/novosite\/wp-json\/wp\/v2\/comments?post=2160"}],"version-history":[{"count":1,"href":"https:\/\/guapimirim.rj.gov.br\/novosite\/wp-json\/wp\/v2\/posts\/2160\/revisions"}],"predecessor-version":[{"id":2162,"href":"https:\/\/guapimirim.rj.gov.br\/novosite\/wp-json\/wp\/v2\/posts\/2160\/revisions\/2162"}],"wp:featuredmedia":[{"embeddable":true,"href":"https:\/\/guapimirim.rj.gov.br\/novosite\/wp-json\/wp\/v2\/media\/2161"}],"wp:attachment":[{"href":"https:\/\/guapimirim.rj.gov.br\/novosite\/wp-json\/wp\/v2\/media?parent=2160"}],"wp:term":[{"taxonomy":"category","embeddable":true,"href":"https:\/\/guapimirim.rj.gov.br\/novosite\/wp-json\/wp\/v2\/categories?post=2160"},{"taxonomy":"post_tag","embeddable":true,"href":"https:\/\/guapimirim.rj.gov.br\/novosite\/wp-json\/wp\/v2\/tags?post=2160"}],"curies":[{"name":"wp","href":"https:\/\/api.w.org\/{rel}","templated":true}]}}