{"id":2157,"date":"2024-10-29T14:18:20","date_gmt":"2024-10-29T17:18:20","guid":{"rendered":"https:\/\/guapimirim.rj.gov.br\/novosite\/?p=2157"},"modified":"2025-09-22T14:20:50","modified_gmt":"2025-09-22T17:20:50","slug":"publicado-edital-para-a-assembleia-eleitoral-do-conselho-municipal-do-ambiente-e-saneamento-basico-de-guapimirim","status":"publish","type":"post","link":"https:\/\/guapimirim.rj.gov.br\/novosite\/publicado-edital-para-a-assembleia-eleitoral-do-conselho-municipal-do-ambiente-e-saneamento-basico-de-guapimirim\/","title":{"rendered":"Publicado Edital para a Assembleia Eleitoral do Conselho Municipal do Ambiente e Saneamento B\u00e1sico de Guapimirim"},"content":{"rendered":"<p>J\u00e1 est\u00e1 dispon\u00edvel o edital para a Assembleia Eleitoral do Conselho Municipal do Ambiente e Saneamento B\u00e1sico de Guapimirim. O documento, que pode ser consultado online, detalha o processo de escolha de novos membros para o conselho, oferecendo a oportunidade para representantes da sociedade civil, de organiza\u00e7\u00f5es ambientais, e do setor privado participarem da gest\u00e3o de pol\u00edticas ambientais e de saneamento da cidade.<\/p>\n<p>O Conselho Municipal desempenha um papel essencial no acompanhamento e desenvolvimento de a\u00e7\u00f5es voltadas para a preserva\u00e7\u00e3o ambiental e o saneamento b\u00e1sico, promovendo melhorias nas condi\u00e7\u00f5es de vida e na sustentabilidade do munic\u00edpio.<\/p>\n<p>Os interessados devem consultar o edital para informa\u00e7\u00f5es sobre requisitos de participa\u00e7\u00e3o, prazos de inscri\u00e7\u00e3o, e documenta\u00e7\u00e3o necess\u00e1ria e enviar para o e-mail <a href=\"mailto:ambiente@guapimirim.rj.gov.br\">ambiente@guapimirim.rj.gov.br<\/a> at\u00e9 o dia 12\/11\/2024<\/p>\n<p>Participe deste processo democr\u00e1tico e contribua para o fortalecimento da gest\u00e3o ambiental em Guapimirim!<\/p>\n<p>Acesso ao edital: <a href=\"https:\/\/drive.google.com\/file\/d\/1GJDRMsHeTW3-XbTUn85Tqcxv8g_vkhxO\/view?usp=drivesdk\">https:\/\/drive.google.com\/file\/d\/1GJDRMsHeTW3-XbTUn85Tqcxv8g_vkhxO\/view?usp=drivesdk<\/a><\/p>\n","protected":false},"excerpt":{"rendered":"<p>J\u00e1 est\u00e1 dispon\u00edvel o edital para a Assembleia Eleitoral do Conselho Municipal do Ambiente e Saneamento B\u00e1sico de Guapimirim. O documento, que pode ser consultado online, detalha o processo de escolha de novos membros para o conselho, oferecendo a oportunidade para representantes da sociedade civil, de organiza\u00e7\u00f5es ambientais, e do setor privado participarem da gest\u00e3o [&hellip;]<\/p>\n","protected":false},"author":1,"featured_media":2158,"comment_status":"open","ping_status":"open","sticky":false,"template":"","format":"standard","meta":{"footnotes":""},"categories":[42,33],"tags":[],"class_list":["post-2157","post","type-post","status-publish","format-standard","has-post-thumbnail","hentry","category-ambiente","category-destaque"],"_links":{"self":[{"href":"https:\/\/guapimirim.rj.gov.br\/novosite\/wp-json\/wp\/v2\/posts\/2157","targetHints":{"allow":["GET"]}}],"collection":[{"href":"https:\/\/guapimirim.rj.gov.br\/novosite\/wp-json\/wp\/v2\/posts"}],"about":[{"href":"https:\/\/guapimirim.rj.gov.br\/novosite\/wp-json\/wp\/v2\/types\/post"}],"author":[{"embeddable":true,"href":"https:\/\/guapimirim.rj.gov.br\/novosite\/wp-json\/wp\/v2\/users\/1"}],"replies":[{"embeddable":true,"href":"https:\/\/guapimirim.rj.gov.br\/novosite\/wp-json\/wp\/v2\/comments?post=2157"}],"version-history":[{"count":1,"href":"https:\/\/guapimirim.rj.gov.br\/novosite\/wp-json\/wp\/v2\/posts\/2157\/revisions"}],"predecessor-version":[{"id":2159,"href":"https:\/\/guapimirim.rj.gov.br\/novosite\/wp-json\/wp\/v2\/posts\/2157\/revisions\/2159"}],"wp:featuredmedia":[{"embeddable":true,"href":"https:\/\/guapimirim.rj.gov.br\/novosite\/wp-json\/wp\/v2\/media\/2158"}],"wp:attachment":[{"href":"https:\/\/guapimirim.rj.gov.br\/novosite\/wp-json\/wp\/v2\/media?parent=2157"}],"wp:term":[{"taxonomy":"category","embeddable":true,"href":"https:\/\/guapimirim.rj.gov.br\/novosite\/wp-json\/wp\/v2\/categories?post=2157"},{"taxonomy":"post_tag","embeddable":true,"href":"https:\/\/guapimirim.rj.gov.br\/novosite\/wp-json\/wp\/v2\/tags?post=2157"}],"curies":[{"name":"wp","href":"https:\/\/api.w.org\/{rel}","templated":true}]}}