{"id":2154,"date":"2024-10-31T14:13:56","date_gmt":"2024-10-31T17:13:56","guid":{"rendered":"https:\/\/guapimirim.rj.gov.br\/novosite\/?p=2154"},"modified":"2025-09-22T14:17:46","modified_gmt":"2025-09-22T17:17:46","slug":"abertas-as-inscricoes-para-a-terceira-conferencia-municipal-de-meio-ambiente-de-guapimirim","status":"publish","type":"post","link":"https:\/\/guapimirim.rj.gov.br\/novosite\/abertas-as-inscricoes-para-a-terceira-conferencia-municipal-de-meio-ambiente-de-guapimirim\/","title":{"rendered":"Abertas as Inscri\u00e7\u00f5es para a Terceira Confer\u00eancia Municipal de Meio Ambiente de Guapimirim"},"content":{"rendered":"<p>Est\u00e3o oficialmente abertas as inscri\u00e7\u00f5es para a Terceira Confer\u00eancia Municipal de Meio Ambiente de Guapimirim, evento que integra o ciclo da 5\u00aa Confer\u00eancia Nacional de Meio Ambiente (CNMA), coordenada pelo Minist\u00e9rio do Meio Ambiente. A confer\u00eancia local ser\u00e1 um espa\u00e7o de di\u00e1logo entre a sociedade civil, o poder p\u00fablico e o setor privado, com o objetivo de debater e formular a\u00e7\u00f5es concretas para o desenvolvimento sustent\u00e1vel e a preserva\u00e7\u00e3o ambiental da regi\u00e3o.<\/p>\n<p>O evento, que ocorrer\u00e1 em 29 de novembro de 2024, no CoopCorreios, abordar\u00e1 temas priorit\u00e1rios como o combate \u00e0 crise clim\u00e1tica, a preserva\u00e7\u00e3o de ecossistemas locais e a promo\u00e7\u00e3o de pol\u00edticas ambientais que atendam \u00e0s necessidades da popula\u00e7\u00e3o de Guapimirim. Os participantes ter\u00e3o a oportunidade de colaborar com propostas que ser\u00e3o levadas \u00e0 confer\u00eancia estadual, e, posteriormente, \u00e0 confer\u00eancia nacional.<\/p>\n<p>As inscri\u00e7\u00f5es s\u00e3o gratuitas e podem ser feitas online atrav\u00e9s <a href=\"https:\/\/forms.gle\/1BuiaPzpqFCKCzHx9\">https:\/\/forms.gle\/1BuiaPzpqFCKCzHx9<\/a> at\u00e9 o dia 20 de novembro ou at\u00e9 quando durarem as vagas.<\/p>\n<p>O Regulamento est\u00e1 dispon\u00edvel para consulta p\u00fablica (<a href=\"https:\/\/drive.google.com\/file\/d\/1h14EwgxNzQMzESqIfH7CoDoGXqy1FVp8\/view?usp=sharing\">https:\/\/drive.google.com\/file\/d\/1h14EwgxNzQMzESqIfH7CoDoGXqy1FVp8\/view?usp=sharing<\/a>) e ser\u00e1 validado no dia da confer\u00eancia. As considera\u00e7\u00f5es da Consulta P\u00fablica dever\u00e3o ser feito por meio do https:\/\/forms.gle\/TnqdXHs3nGo8fmHVA<\/p>\n<p>Participe e contribua para a constru\u00e7\u00e3o de um futuro mais sustent\u00e1vel para Guapimirim!<\/p>\n","protected":false},"excerpt":{"rendered":"<p>Est\u00e3o oficialmente abertas as inscri\u00e7\u00f5es para a Terceira Confer\u00eancia Municipal de Meio Ambiente de Guapimirim, evento que integra o ciclo da 5\u00aa Confer\u00eancia Nacional de Meio Ambiente (CNMA), coordenada pelo Minist\u00e9rio do Meio Ambiente. A confer\u00eancia local ser\u00e1 um espa\u00e7o de di\u00e1logo entre a sociedade civil, o poder p\u00fablico e o setor privado, com o [&hellip;]<\/p>\n","protected":false},"author":1,"featured_media":2155,"comment_status":"open","ping_status":"open","sticky":false,"template":"","format":"standard","meta":{"footnotes":""},"categories":[42,33],"tags":[],"class_list":["post-2154","post","type-post","status-publish","format-standard","has-post-thumbnail","hentry","category-ambiente","category-destaque"],"_links":{"self":[{"href":"https:\/\/guapimirim.rj.gov.br\/novosite\/wp-json\/wp\/v2\/posts\/2154","targetHints":{"allow":["GET"]}}],"collection":[{"href":"https:\/\/guapimirim.rj.gov.br\/novosite\/wp-json\/wp\/v2\/posts"}],"about":[{"href":"https:\/\/guapimirim.rj.gov.br\/novosite\/wp-json\/wp\/v2\/types\/post"}],"author":[{"embeddable":true,"href":"https:\/\/guapimirim.rj.gov.br\/novosite\/wp-json\/wp\/v2\/users\/1"}],"replies":[{"embeddable":true,"href":"https:\/\/guapimirim.rj.gov.br\/novosite\/wp-json\/wp\/v2\/comments?post=2154"}],"version-history":[{"count":1,"href":"https:\/\/guapimirim.rj.gov.br\/novosite\/wp-json\/wp\/v2\/posts\/2154\/revisions"}],"predecessor-version":[{"id":2156,"href":"https:\/\/guapimirim.rj.gov.br\/novosite\/wp-json\/wp\/v2\/posts\/2154\/revisions\/2156"}],"wp:featuredmedia":[{"embeddable":true,"href":"https:\/\/guapimirim.rj.gov.br\/novosite\/wp-json\/wp\/v2\/media\/2155"}],"wp:attachment":[{"href":"https:\/\/guapimirim.rj.gov.br\/novosite\/wp-json\/wp\/v2\/media?parent=2154"}],"wp:term":[{"taxonomy":"category","embeddable":true,"href":"https:\/\/guapimirim.rj.gov.br\/novosite\/wp-json\/wp\/v2\/categories?post=2154"},{"taxonomy":"post_tag","embeddable":true,"href":"https:\/\/guapimirim.rj.gov.br\/novosite\/wp-json\/wp\/v2\/tags?post=2154"}],"curies":[{"name":"wp","href":"https:\/\/api.w.org\/{rel}","templated":true}]}}