{"id":2150,"date":"2025-03-11T14:11:10","date_gmt":"2025-03-11T17:11:10","guid":{"rendered":"https:\/\/guapimirim.rj.gov.br\/novosite\/?p=2150"},"modified":"2025-09-22T14:13:29","modified_gmt":"2025-09-22T17:13:29","slug":"guapimirim-convoca-audiencia-publica-para-apresentacao-da-revisao-do-plano-municipal-de-saneamento-basico","status":"publish","type":"post","link":"https:\/\/guapimirim.rj.gov.br\/novosite\/guapimirim-convoca-audiencia-publica-para-apresentacao-da-revisao-do-plano-municipal-de-saneamento-basico\/","title":{"rendered":"Guapimirim convoca Audi\u00eancia P\u00fablica para apresenta\u00e7\u00e3o da revis\u00e3o do Plano Municipal de Saneamento B\u00e1sico"},"content":{"rendered":"<p>A Prefeitura de Guapimirim, por meio da Secretaria Municipal do Ambiente e Sustentabilidade, anunciou por meio de publica\u00e7\u00e3o em Di\u00e1rio Oficial no dia 24\/02\/2025, a realiza\u00e7\u00e3o de uma audi\u00eancia p\u00fablica para discutir a Revis\u00e3o do Plano Municipal de Saneamento B\u00e1sico, no ultimo dia.<\/p>\n<p>O evento acontecer\u00e1 no dia 21 de mar\u00e7o de 2025, \u00e0s 18h, no audit\u00f3rio da sede da Prefeitura, localizada na Avenida Dedo de Deus, n\u00ba 1161. A iniciativa visa promover a participa\u00e7\u00e3o popular e garantir maior transpar\u00eancia no planejamento das a\u00e7\u00f5es voltadas ao saneamento no munic\u00edpio.<\/p>\n<p>Durante a audi\u00eancia, ser\u00e1 apresentada a vers\u00e3o preliminar do documento revisado, contendo as diretrizes para abastecimento de \u00e1gua, esgotamento sanit\u00e1rio, drenagem urbana e manejo de res\u00edduos s\u00f3lidos. A participa\u00e7\u00e3o da comunidade \u00e9 essencial para debater e sugerir melhorias no plano, que impacta diretamente a qualidade de vida dos moradores.<\/p>\n<p>Os documentos elaborados na revis\u00e3o do plano j\u00e1 est\u00e3o dispon\u00edveis para consulta no site oficial da Prefeitura de Guapimirim, no endere\u00e7o eletr\u00f4nico <a href=\"https:\/\/guapimirim.rj.gov.br\/planomunicipaldesaneamento\/\">https:\/\/guapimirim.rj.gov.br\/planomunicipaldesaneamento\/<\/a> ou em material impresso na Secretaria Municipal do Ambiente e sustentabilidade.<\/p>\n","protected":false},"excerpt":{"rendered":"<p>A Prefeitura de Guapimirim, por meio da Secretaria Municipal do Ambiente e Sustentabilidade, anunciou por meio de publica\u00e7\u00e3o em Di\u00e1rio Oficial no dia 24\/02\/2025, a realiza\u00e7\u00e3o de uma audi\u00eancia p\u00fablica para discutir a Revis\u00e3o do Plano Municipal de Saneamento B\u00e1sico, no ultimo dia. O evento acontecer\u00e1 no dia 21 de mar\u00e7o de 2025, \u00e0s 18h, [&hellip;]<\/p>\n","protected":false},"author":1,"featured_media":2151,"comment_status":"open","ping_status":"open","sticky":false,"template":"","format":"standard","meta":{"footnotes":""},"categories":[42,33],"tags":[],"class_list":["post-2150","post","type-post","status-publish","format-standard","has-post-thumbnail","hentry","category-ambiente","category-destaque"],"_links":{"self":[{"href":"https:\/\/guapimirim.rj.gov.br\/novosite\/wp-json\/wp\/v2\/posts\/2150","targetHints":{"allow":["GET"]}}],"collection":[{"href":"https:\/\/guapimirim.rj.gov.br\/novosite\/wp-json\/wp\/v2\/posts"}],"about":[{"href":"https:\/\/guapimirim.rj.gov.br\/novosite\/wp-json\/wp\/v2\/types\/post"}],"author":[{"embeddable":true,"href":"https:\/\/guapimirim.rj.gov.br\/novosite\/wp-json\/wp\/v2\/users\/1"}],"replies":[{"embeddable":true,"href":"https:\/\/guapimirim.rj.gov.br\/novosite\/wp-json\/wp\/v2\/comments?post=2150"}],"version-history":[{"count":2,"href":"https:\/\/guapimirim.rj.gov.br\/novosite\/wp-json\/wp\/v2\/posts\/2150\/revisions"}],"predecessor-version":[{"id":2153,"href":"https:\/\/guapimirim.rj.gov.br\/novosite\/wp-json\/wp\/v2\/posts\/2150\/revisions\/2153"}],"wp:featuredmedia":[{"embeddable":true,"href":"https:\/\/guapimirim.rj.gov.br\/novosite\/wp-json\/wp\/v2\/media\/2151"}],"wp:attachment":[{"href":"https:\/\/guapimirim.rj.gov.br\/novosite\/wp-json\/wp\/v2\/media?parent=2150"}],"wp:term":[{"taxonomy":"category","embeddable":true,"href":"https:\/\/guapimirim.rj.gov.br\/novosite\/wp-json\/wp\/v2\/categories?post=2150"},{"taxonomy":"post_tag","embeddable":true,"href":"https:\/\/guapimirim.rj.gov.br\/novosite\/wp-json\/wp\/v2\/tags?post=2150"}],"curies":[{"name":"wp","href":"https:\/\/api.w.org\/{rel}","templated":true}]}}