{"id":2073,"date":"2025-09-16T13:17:55","date_gmt":"2025-09-16T16:17:55","guid":{"rendered":"https:\/\/guapimirim.rj.gov.br\/novosite\/?p=2073"},"modified":"2025-09-16T13:17:55","modified_gmt":"2025-09-16T16:17:55","slug":"vem-ai-o-concurso-o-nosso-natal-e-tao-fantastico-que-faz-nevar-ate-no-dedo-de-deus","status":"publish","type":"post","link":"https:\/\/guapimirim.rj.gov.br\/novosite\/vem-ai-o-concurso-o-nosso-natal-e-tao-fantastico-que-faz-nevar-ate-no-dedo-de-deus\/","title":{"rendered":"Vem a\u00ed o concurso: \u201cO Nosso Natal \u00e9 T\u00e3o Fant\u00e1stico que Faz Nevar at\u00e9 no Dedo de Deus\u201d"},"content":{"rendered":"<p data-start=\"178\" data-end=\"498\">Guapimirim se prepara para viver um dos per\u00edodos mais encantadores do ano. Com o objetivo de celebrar o esp\u00edrito natalino e envolver toda a popula\u00e7\u00e3o, a\u00a0<strong data-start=\"331\" data-end=\"376\">ACEG \u2013 Associa\u00e7\u00e3o Comercial de Guapimirim<\/strong>, em parceria com a Prefeitura, lan\u00e7a o concurso\u00a0<strong data-start=\"425\" data-end=\"495\">\u201cO Nosso Natal \u00e9 T\u00e3o Fant\u00e1stico que Faz Nevar at\u00e9 no Dedo de Deus\u201d<\/strong>.<\/p>\n<p data-start=\"500\" data-end=\"822\">A iniciativa premiar\u00e1 as\u00a0<strong data-start=\"525\" data-end=\"581\">casas, condom\u00ednios, ruas e com\u00e9rcios mais enfeitados<\/strong>, estimulando a criatividade, a sustentabilidade e a tradi\u00e7\u00e3o natalina. O tema escolhido para este ano \u00e9\u00a0<strong data-start=\"686\" data-end=\"696\">\u201cSnow\u201d<\/strong>, trazendo a magia da neve como inspira\u00e7\u00e3o, em um di\u00e1logo com o s\u00edmbolo natural mais marcante da cidade: o\u00a0<strong data-start=\"803\" data-end=\"819\">Dedo de Deus<\/strong>.<\/p>\n<p data-start=\"824\" data-end=\"1096\">Mais do que um concurso de decora\u00e7\u00e3o, a proposta \u00e9\u00a0<strong data-start=\"875\" data-end=\"975\">fortalecer a identidade local e transformar Guapimirim em palco de um grande espet\u00e1culo coletivo<\/strong>: o\u00a0<strong data-start=\"979\" data-end=\"1008\">Fant\u00e1stico Natal de Guapi<\/strong>, festa que j\u00e1 conquistou o cora\u00e7\u00e3o dos moradores e atrai visitantes de toda a regi\u00e3o.<\/p>\n<blockquote data-start=\"1098\" data-end=\"1369\">\n<p data-start=\"1100\" data-end=\"1369\">\u201cQueremos que cada morador, comerciante e comunidade participe ativamente dessa celebra\u00e7\u00e3o. O concurso \u00e9 uma oportunidade de mostrar talento e criatividade, mas, acima de tudo, de refor\u00e7ar o esp\u00edrito de uni\u00e3o e alegria que o Natal representa\u201d, destacou a organiza\u00e7\u00e3o.<\/p>\n<\/blockquote>\n<h3 data-start=\"1371\" data-end=\"1406\">Inscri\u00e7\u00f5es abertas em outubro<\/h3>\n<p data-start=\"1407\" data-end=\"1578\">As inscri\u00e7\u00f5es come\u00e7am no dia\u00a0<strong data-start=\"1436\" data-end=\"1453\">1\u00ba de outubro<\/strong>\u00a0e poder\u00e3o ser feitas de forma gratuita no\u00a0<strong data-start=\"1496\" data-end=\"1540\">site oficial da Prefeitura de Guapimirim<\/strong>\u00a0ou pelo aplicativo\u00a0<strong data-start=\"1560\" data-end=\"1575\">Nossa Guapi<\/strong>.<\/p>\n<p data-start=\"1580\" data-end=\"1794\">A participa\u00e7\u00e3o \u00e9 aberta a todos, e os vencedores ganhar\u00e3o destaque especial durante a programa\u00e7\u00e3o oficial do\u00a0<strong data-start=\"1689\" data-end=\"1718\">Fant\u00e1stico Natal de Guapi<\/strong>, que promete transformar a cidade em um cen\u00e1rio de sonhos e encantamento.<\/p>\n<p data-start=\"1796\" data-end=\"1968\">Com essa iniciativa, Guapimirim reafirma sua tradi\u00e7\u00e3o natalina e fortalece o protagonismo da comunidade na constru\u00e7\u00e3o de uma festa que j\u00e1 \u00e9 marca registrada do munic\u00edpio.<\/p>\n<p data-start=\"1796\" data-end=\"1968\"><a href=\"https:\/\/guapimirim.rj.gov.br\/novosite\/wp-content\/uploads\/2025\/09\/REGULAMENTO-OFICIAL-DA-ACAO.pdf\">Baixe aqui o regulamento<\/a>, reuna a fam\u00edlia e amigos e participe!<\/p>\n","protected":false},"excerpt":{"rendered":"<p>Guapimirim se prepara para viver um dos per\u00edodos mais encantadores do ano. Com o objetivo de celebrar o esp\u00edrito natalino e envolver toda a popula\u00e7\u00e3o, a\u00a0ACEG \u2013 Associa\u00e7\u00e3o Comercial de Guapimirim, em parceria com a Prefeitura, lan\u00e7a o concurso\u00a0\u201cO Nosso Natal \u00e9 T\u00e3o Fant\u00e1stico que Faz Nevar at\u00e9 no Dedo de Deus\u201d. A iniciativa premiar\u00e1 [&hellip;]<\/p>\n","protected":false},"author":1,"featured_media":2075,"comment_status":"open","ping_status":"open","sticky":false,"template":"","format":"standard","meta":{"footnotes":""},"categories":[36,33],"tags":[],"class_list":["post-2073","post","type-post","status-publish","format-standard","has-post-thumbnail","hentry","category-cultura","category-destaque"],"_links":{"self":[{"href":"https:\/\/guapimirim.rj.gov.br\/novosite\/wp-json\/wp\/v2\/posts\/2073","targetHints":{"allow":["GET"]}}],"collection":[{"href":"https:\/\/guapimirim.rj.gov.br\/novosite\/wp-json\/wp\/v2\/posts"}],"about":[{"href":"https:\/\/guapimirim.rj.gov.br\/novosite\/wp-json\/wp\/v2\/types\/post"}],"author":[{"embeddable":true,"href":"https:\/\/guapimirim.rj.gov.br\/novosite\/wp-json\/wp\/v2\/users\/1"}],"replies":[{"embeddable":true,"href":"https:\/\/guapimirim.rj.gov.br\/novosite\/wp-json\/wp\/v2\/comments?post=2073"}],"version-history":[{"count":1,"href":"https:\/\/guapimirim.rj.gov.br\/novosite\/wp-json\/wp\/v2\/posts\/2073\/revisions"}],"predecessor-version":[{"id":2076,"href":"https:\/\/guapimirim.rj.gov.br\/novosite\/wp-json\/wp\/v2\/posts\/2073\/revisions\/2076"}],"wp:featuredmedia":[{"embeddable":true,"href":"https:\/\/guapimirim.rj.gov.br\/novosite\/wp-json\/wp\/v2\/media\/2075"}],"wp:attachment":[{"href":"https:\/\/guapimirim.rj.gov.br\/novosite\/wp-json\/wp\/v2\/media?parent=2073"}],"wp:term":[{"taxonomy":"category","embeddable":true,"href":"https:\/\/guapimirim.rj.gov.br\/novosite\/wp-json\/wp\/v2\/categories?post=2073"},{"taxonomy":"post_tag","embeddable":true,"href":"https:\/\/guapimirim.rj.gov.br\/novosite\/wp-json\/wp\/v2\/tags?post=2073"}],"curies":[{"name":"wp","href":"https:\/\/api.w.org\/{rel}","templated":true}]}}