{"id":1974,"date":"2025-09-11T12:58:18","date_gmt":"2025-09-11T15:58:18","guid":{"rendered":"https:\/\/guapimirim.rj.gov.br\/novosite\/?p=1974"},"modified":"2025-09-12T13:03:39","modified_gmt":"2025-09-12T16:03:39","slug":"guapimirim-inicia-campanha-de-vacinacao-antirrabica-animal-neste-sabado","status":"publish","type":"post","link":"https:\/\/guapimirim.rj.gov.br\/novosite\/guapimirim-inicia-campanha-de-vacinacao-antirrabica-animal-neste-sabado\/","title":{"rendered":"Guapimirim inicia campanha de vacina\u00e7\u00e3o antirr\u00e1bica animal neste s\u00e1bado"},"content":{"rendered":"<p>A Prefeitura de Guapimirim, por meio da Vigil\u00e2ncia em Sa\u00fade, d\u00e1 in\u00edcio neste s\u00e1bado (13) \u00e0 <strong>campanha de vacina\u00e7\u00e3o antirr\u00e1bica animal para c\u00e3es e gatos<\/strong>. Nesta primeira etapa, ser\u00e1 realizado um sistema <strong>Drive Thru na Pra\u00e7a da Cotia<\/strong>, das <strong>9h \u00e0s 16h<\/strong>, garantindo praticidade e seguran\u00e7a para os tutores que desejam proteger seus animais de estima\u00e7\u00e3o contra a raiva.<\/p>\n<p><strong>A vacina\u00e7\u00e3o \u00e9 gratuita<\/strong> e tem como objetivo prevenir a doen\u00e7a, que \u00e9 grave e pode ser transmitida para humanos. Todos os c\u00e3es e gatos a partir de tr\u00eas meses de idade devem ser vacinados, exceto aqueles que estejam doentes ou em per\u00edodo de recupera\u00e7\u00e3o cir\u00fargica.<\/p>\n<p>Al\u00e9m da a\u00e7\u00e3o deste s\u00e1bado, a campanha ter\u00e1 outras duas etapas: no dia 27 de setembro e no dia 11 de outubro, em pontos diferentes da cidade. Os locais estar\u00e3o detalhados no card oficial divulgado pela Prefeitura.<\/p>\n<p>A Vigil\u00e2ncia em Sa\u00fade refor\u00e7a a import\u00e2ncia da participa\u00e7\u00e3o da popula\u00e7\u00e3o, lembrando que a vacina\u00e7\u00e3o anual \u00e9 essencial para manter a sa\u00fade dos animais e tamb\u00e9m da comunidade.<\/p>\n<p>\ud83d\udc49 Fique atento \u00e0s datas, leve seu pet e ajude a proteger Guapimirim contra a raiva.<\/p>\n<div id='gallery-1' class='gallery galleryid-1974 gallery-columns-2 gallery-size-large'><figure class='gallery-item'>\n\t\t\t<div class='gallery-icon portrait'>\n\t\t\t\t<a href='https:\/\/guapimirim.rj.gov.br\/novosite\/wp-content\/uploads\/2025\/09\/vacina-setembro.jpg'><img fetchpriority=\"high\" decoding=\"async\" width=\"800\" height=\"1000\" src=\"https:\/\/guapimirim.rj.gov.br\/novosite\/wp-content\/uploads\/2025\/09\/vacina-setembro-819x1024.jpg\" class=\"attachment-large size-large\" alt=\"\" srcset=\"https:\/\/guapimirim.rj.gov.br\/novosite\/wp-content\/uploads\/2025\/09\/vacina-setembro-819x1024.jpg 819w, https:\/\/guapimirim.rj.gov.br\/novosite\/wp-content\/uploads\/2025\/09\/vacina-setembro-240x300.jpg 240w, https:\/\/guapimirim.rj.gov.br\/novosite\/wp-content\/uploads\/2025\/09\/vacina-setembro-768x960.jpg 768w, https:\/\/guapimirim.rj.gov.br\/novosite\/wp-content\/uploads\/2025\/09\/vacina-setembro.jpg 1024w\" sizes=\"(max-width: 800px) 100vw, 800px\" \/><\/a>\n\t\t\t<\/div><\/figure><figure class='gallery-item'>\n\t\t\t<div class='gallery-icon portrait'>\n\t\t\t\t<a href='https:\/\/guapimirim.rj.gov.br\/novosite\/wp-content\/uploads\/2025\/09\/vacina-outubro.jpg'><img decoding=\"async\" width=\"800\" height=\"1000\" src=\"https:\/\/guapimirim.rj.gov.br\/novosite\/wp-content\/uploads\/2025\/09\/vacina-outubro-819x1024.jpg\" class=\"attachment-large size-large\" alt=\"\" srcset=\"https:\/\/guapimirim.rj.gov.br\/novosite\/wp-content\/uploads\/2025\/09\/vacina-outubro-819x1024.jpg 819w, https:\/\/guapimirim.rj.gov.br\/novosite\/wp-content\/uploads\/2025\/09\/vacina-outubro-240x300.jpg 240w, https:\/\/guapimirim.rj.gov.br\/novosite\/wp-content\/uploads\/2025\/09\/vacina-outubro-768x960.jpg 768w, https:\/\/guapimirim.rj.gov.br\/novosite\/wp-content\/uploads\/2025\/09\/vacina-outubro.jpg 1024w\" sizes=\"(max-width: 800px) 100vw, 800px\" \/><\/a>\n\t\t\t<\/div><\/figure>\n\t\t<\/div>\n\n","protected":false},"excerpt":{"rendered":"<p>A Prefeitura de Guapimirim, por meio da Vigil\u00e2ncia em Sa\u00fade, d\u00e1 in\u00edcio neste s\u00e1bado (13) \u00e0 campanha de vacina\u00e7\u00e3o antirr\u00e1bica animal para c\u00e3es e gatos. Nesta primeira etapa, ser\u00e1 realizado um sistema Drive Thru na Pra\u00e7a da Cotia, das 9h \u00e0s 16h, garantindo praticidade e seguran\u00e7a para os tutores que desejam proteger seus animais de [&hellip;]<\/p>\n","protected":false},"author":1,"featured_media":1977,"comment_status":"open","ping_status":"open","sticky":false,"template":"","format":"standard","meta":{"footnotes":""},"categories":[33,29],"tags":[],"class_list":["post-1974","post","type-post","status-publish","format-standard","has-post-thumbnail","hentry","category-destaque","category-saude"],"_links":{"self":[{"href":"https:\/\/guapimirim.rj.gov.br\/novosite\/wp-json\/wp\/v2\/posts\/1974","targetHints":{"allow":["GET"]}}],"collection":[{"href":"https:\/\/guapimirim.rj.gov.br\/novosite\/wp-json\/wp\/v2\/posts"}],"about":[{"href":"https:\/\/guapimirim.rj.gov.br\/novosite\/wp-json\/wp\/v2\/types\/post"}],"author":[{"embeddable":true,"href":"https:\/\/guapimirim.rj.gov.br\/novosite\/wp-json\/wp\/v2\/users\/1"}],"replies":[{"embeddable":true,"href":"https:\/\/guapimirim.rj.gov.br\/novosite\/wp-json\/wp\/v2\/comments?post=1974"}],"version-history":[{"count":1,"href":"https:\/\/guapimirim.rj.gov.br\/novosite\/wp-json\/wp\/v2\/posts\/1974\/revisions"}],"predecessor-version":[{"id":1978,"href":"https:\/\/guapimirim.rj.gov.br\/novosite\/wp-json\/wp\/v2\/posts\/1974\/revisions\/1978"}],"wp:featuredmedia":[{"embeddable":true,"href":"https:\/\/guapimirim.rj.gov.br\/novosite\/wp-json\/wp\/v2\/media\/1977"}],"wp:attachment":[{"href":"https:\/\/guapimirim.rj.gov.br\/novosite\/wp-json\/wp\/v2\/media?parent=1974"}],"wp:term":[{"taxonomy":"category","embeddable":true,"href":"https:\/\/guapimirim.rj.gov.br\/novosite\/wp-json\/wp\/v2\/categories?post=1974"},{"taxonomy":"post_tag","embeddable":true,"href":"https:\/\/guapimirim.rj.gov.br\/novosite\/wp-json\/wp\/v2\/tags?post=1974"}],"curies":[{"name":"wp","href":"https:\/\/api.w.org\/{rel}","templated":true}]}}