{"id":1962,"date":"2025-09-08T11:42:56","date_gmt":"2025-09-08T14:42:56","guid":{"rendered":"https:\/\/guapimirim.rj.gov.br\/novosite\/?p=1962"},"modified":"2025-09-12T11:43:37","modified_gmt":"2025-09-12T14:43:37","slug":"expoguapi-2025-atrai-multidao-e-celebra-o-potencial-de-guapimirim","status":"publish","type":"post","link":"https:\/\/guapimirim.rj.gov.br\/novosite\/expoguapi-2025-atrai-multidao-e-celebra-o-potencial-de-guapimirim\/","title":{"rendered":"ExpoGuapi 2025 atrai multid\u00e3o e celebra o potencial de Guapimirim"},"content":{"rendered":"<p data-start=\"73\" data-end=\"422\">Guapimirim viveu um final de semana hist\u00f3rico com a realiza\u00e7\u00e3o da\u00a0<strong data-start=\"139\" data-end=\"157\">ExpoGuapi 2025<\/strong>, que reuniu milhares de pessoas em uma programa\u00e7\u00e3o marcada por cultura, m\u00fasica e a valoriza\u00e7\u00e3o da economia local. O evento, j\u00e1 consolidado no calend\u00e1rio da cidade, superou expectativas e destacou a for\u00e7a da agricultura, da pecu\u00e1ria e da gastronomia do munic\u00edpio.<\/p>\n<p data-start=\"424\" data-end=\"748\">Durante os dias de feira, expositores apresentaram produtos t\u00edpicos, sabores regionais e novidades do setor agropecu\u00e1rio, aproximando produtores, comerciantes e consumidores em um ambiente de troca e neg\u00f3cios.<\/p>\n<p data-start=\"750\" data-end=\"1102\">A programa\u00e7\u00e3o musical foi um dos pontos altos da ExpoGuapi. Grandes nomes da cena nacional como\u00a0<strong data-start=\"846\" data-end=\"854\">Belo<\/strong>,\u00a0<strong data-start=\"856\" data-end=\"874\">Mari Fernandes<\/strong>\u00a0e\u00a0<strong data-start=\"877\" data-end=\"892\">Z\u00e9 Vaqueiro<\/strong>\u00a0levaram o p\u00fablico ao del\u00edrio, embalando a festa com shows memor\u00e1veis. Artistas locais tamb\u00e9m tiveram espa\u00e7o garantido, mostrando o talento da cidade e refor\u00e7ando a import\u00e2ncia de fomentar a cultura regional.<\/p>\n<div id='gallery-1' class='gallery galleryid-1962 gallery-columns-4 gallery-size-large'><figure class='gallery-item'>\n\t\t\t<div class='gallery-icon landscape'>\n\t\t\t\t<a href='https:\/\/guapimirim.rj.gov.br\/novosite\/wp-content\/uploads\/2025\/09\/DSC_6248.jpg'><img fetchpriority=\"high\" decoding=\"async\" width=\"800\" height=\"534\" src=\"https:\/\/guapimirim.rj.gov.br\/novosite\/wp-content\/uploads\/2025\/09\/DSC_6248.jpg\" class=\"attachment-large size-large\" alt=\"\" srcset=\"https:\/\/guapimirim.rj.gov.br\/novosite\/wp-content\/uploads\/2025\/09\/DSC_6248.jpg 1024w, https:\/\/guapimirim.rj.gov.br\/novosite\/wp-content\/uploads\/2025\/09\/DSC_6248-300x200.jpg 300w, https:\/\/guapimirim.rj.gov.br\/novosite\/wp-content\/uploads\/2025\/09\/DSC_6248-768x512.jpg 768w\" sizes=\"(max-width: 800px) 100vw, 800px\" \/><\/a>\n\t\t\t<\/div><\/figure><figure class='gallery-item'>\n\t\t\t<div class='gallery-icon landscape'>\n\t\t\t\t<a href='https:\/\/guapimirim.rj.gov.br\/novosite\/wp-content\/uploads\/2025\/09\/DSC_6134.jpg'><img decoding=\"async\" width=\"800\" height=\"534\" src=\"https:\/\/guapimirim.rj.gov.br\/novosite\/wp-content\/uploads\/2025\/09\/DSC_6134.jpg\" class=\"attachment-large size-large\" alt=\"\" srcset=\"https:\/\/guapimirim.rj.gov.br\/novosite\/wp-content\/uploads\/2025\/09\/DSC_6134.jpg 1024w, https:\/\/guapimirim.rj.gov.br\/novosite\/wp-content\/uploads\/2025\/09\/DSC_6134-300x200.jpg 300w, https:\/\/guapimirim.rj.gov.br\/novosite\/wp-content\/uploads\/2025\/09\/DSC_6134-768x512.jpg 768w\" sizes=\"(max-width: 800px) 100vw, 800px\" \/><\/a>\n\t\t\t<\/div><\/figure><figure class='gallery-item'>\n\t\t\t<div class='gallery-icon landscape'>\n\t\t\t\t<a href='https:\/\/guapimirim.rj.gov.br\/novosite\/wp-content\/uploads\/2025\/09\/DSC_6937.jpg'><img decoding=\"async\" width=\"800\" height=\"534\" src=\"https:\/\/guapimirim.rj.gov.br\/novosite\/wp-content\/uploads\/2025\/09\/DSC_6937.jpg\" class=\"attachment-large size-large\" alt=\"\" srcset=\"https:\/\/guapimirim.rj.gov.br\/novosite\/wp-content\/uploads\/2025\/09\/DSC_6937.jpg 1024w, https:\/\/guapimirim.rj.gov.br\/novosite\/wp-content\/uploads\/2025\/09\/DSC_6937-300x200.jpg 300w, https:\/\/guapimirim.rj.gov.br\/novosite\/wp-content\/uploads\/2025\/09\/DSC_6937-768x512.jpg 768w\" sizes=\"(max-width: 800px) 100vw, 800px\" \/><\/a>\n\t\t\t<\/div><\/figure><figure class='gallery-item'>\n\t\t\t<div class='gallery-icon landscape'>\n\t\t\t\t<a href='https:\/\/guapimirim.rj.gov.br\/novosite\/wp-content\/uploads\/2025\/09\/DSC_6927.jpg'><img loading=\"lazy\" decoding=\"async\" width=\"800\" height=\"534\" src=\"https:\/\/guapimirim.rj.gov.br\/novosite\/wp-content\/uploads\/2025\/09\/DSC_6927.jpg\" class=\"attachment-large size-large\" alt=\"\" srcset=\"https:\/\/guapimirim.rj.gov.br\/novosite\/wp-content\/uploads\/2025\/09\/DSC_6927.jpg 1024w, https:\/\/guapimirim.rj.gov.br\/novosite\/wp-content\/uploads\/2025\/09\/DSC_6927-300x200.jpg 300w, https:\/\/guapimirim.rj.gov.br\/novosite\/wp-content\/uploads\/2025\/09\/DSC_6927-768x512.jpg 768w\" sizes=\"(max-width: 800px) 100vw, 800px\" \/><\/a>\n\t\t\t<\/div><\/figure><figure class='gallery-item'>\n\t\t\t<div class='gallery-icon landscape'>\n\t\t\t\t<a href='https:\/\/guapimirim.rj.gov.br\/novosite\/wp-content\/uploads\/2025\/09\/DSC_7459.jpg'><img loading=\"lazy\" decoding=\"async\" width=\"800\" height=\"534\" src=\"https:\/\/guapimirim.rj.gov.br\/novosite\/wp-content\/uploads\/2025\/09\/DSC_7459.jpg\" class=\"attachment-large size-large\" alt=\"\" srcset=\"https:\/\/guapimirim.rj.gov.br\/novosite\/wp-content\/uploads\/2025\/09\/DSC_7459.jpg 1024w, https:\/\/guapimirim.rj.gov.br\/novosite\/wp-content\/uploads\/2025\/09\/DSC_7459-300x200.jpg 300w, https:\/\/guapimirim.rj.gov.br\/novosite\/wp-content\/uploads\/2025\/09\/DSC_7459-768x512.jpg 768w\" sizes=\"(max-width: 800px) 100vw, 800px\" \/><\/a>\n\t\t\t<\/div><\/figure><figure class='gallery-item'>\n\t\t\t<div class='gallery-icon landscape'>\n\t\t\t\t<a href='https:\/\/guapimirim.rj.gov.br\/novosite\/wp-content\/uploads\/2025\/09\/DSC_7440.jpg'><img loading=\"lazy\" decoding=\"async\" width=\"800\" height=\"534\" src=\"https:\/\/guapimirim.rj.gov.br\/novosite\/wp-content\/uploads\/2025\/09\/DSC_7440.jpg\" class=\"attachment-large size-large\" alt=\"\" srcset=\"https:\/\/guapimirim.rj.gov.br\/novosite\/wp-content\/uploads\/2025\/09\/DSC_7440.jpg 1024w, https:\/\/guapimirim.rj.gov.br\/novosite\/wp-content\/uploads\/2025\/09\/DSC_7440-300x200.jpg 300w, https:\/\/guapimirim.rj.gov.br\/novosite\/wp-content\/uploads\/2025\/09\/DSC_7440-768x512.jpg 768w\" sizes=\"(max-width: 800px) 100vw, 800px\" \/><\/a>\n\t\t\t<\/div><\/figure><figure class='gallery-item'>\n\t\t\t<div class='gallery-icon landscape'>\n\t\t\t\t<a href='https:\/\/guapimirim.rj.gov.br\/novosite\/wp-content\/uploads\/2025\/09\/DSC_7103.jpg'><img loading=\"lazy\" decoding=\"async\" width=\"800\" height=\"534\" src=\"https:\/\/guapimirim.rj.gov.br\/novosite\/wp-content\/uploads\/2025\/09\/DSC_7103.jpg\" class=\"attachment-large size-large\" alt=\"\" srcset=\"https:\/\/guapimirim.rj.gov.br\/novosite\/wp-content\/uploads\/2025\/09\/DSC_7103.jpg 1024w, https:\/\/guapimirim.rj.gov.br\/novosite\/wp-content\/uploads\/2025\/09\/DSC_7103-300x200.jpg 300w, https:\/\/guapimirim.rj.gov.br\/novosite\/wp-content\/uploads\/2025\/09\/DSC_7103-768x512.jpg 768w\" sizes=\"(max-width: 800px) 100vw, 800px\" \/><\/a>\n\t\t\t<\/div><\/figure>\n\t\t<\/div>\n\n<p data-start=\"1104\" data-end=\"1409\">O evento contou com um p\u00fablico gigantesco, que lotou as apresenta\u00e7\u00f5es e visitou os estandes durante todo o fim de semana. A organiza\u00e7\u00e3o tamb\u00e9m celebrou o fato de que a ExpoGuapi 2025 ocorreu sem qualquer registro de incidentes, refor\u00e7ando o sucesso do planejamento e a tranquilidade do p\u00fablico presente.<\/p>\n<p data-start=\"1411\" data-end=\"1589\">A ExpoGuapi 2025 se consolida, assim, como um dos maiores eventos de Guapimirim, promovendo desenvolvimento econ\u00f4mico, turismo e lazer de qualidade para moradores e visitantes.<\/p>\n","protected":false},"excerpt":{"rendered":"<p>Guapimirim viveu um final de semana hist\u00f3rico com a realiza\u00e7\u00e3o da\u00a0ExpoGuapi 2025, que reuniu milhares de pessoas em uma programa\u00e7\u00e3o marcada por cultura, m\u00fasica e a valoriza\u00e7\u00e3o da economia local. O evento, j\u00e1 consolidado no calend\u00e1rio da cidade, superou expectativas e destacou a for\u00e7a da agricultura, da pecu\u00e1ria e da gastronomia do munic\u00edpio. Durante os [&hellip;]<\/p>\n","protected":false},"author":1,"featured_media":1965,"comment_status":"open","ping_status":"open","sticky":false,"template":"","format":"standard","meta":{"footnotes":""},"categories":[40,33],"tags":[],"class_list":["post-1962","post","type-post","status-publish","format-standard","has-post-thumbnail","hentry","category-agricultura","category-destaque"],"_links":{"self":[{"href":"https:\/\/guapimirim.rj.gov.br\/novosite\/wp-json\/wp\/v2\/posts\/1962","targetHints":{"allow":["GET"]}}],"collection":[{"href":"https:\/\/guapimirim.rj.gov.br\/novosite\/wp-json\/wp\/v2\/posts"}],"about":[{"href":"https:\/\/guapimirim.rj.gov.br\/novosite\/wp-json\/wp\/v2\/types\/post"}],"author":[{"embeddable":true,"href":"https:\/\/guapimirim.rj.gov.br\/novosite\/wp-json\/wp\/v2\/users\/1"}],"replies":[{"embeddable":true,"href":"https:\/\/guapimirim.rj.gov.br\/novosite\/wp-json\/wp\/v2\/comments?post=1962"}],"version-history":[{"count":1,"href":"https:\/\/guapimirim.rj.gov.br\/novosite\/wp-json\/wp\/v2\/posts\/1962\/revisions"}],"predecessor-version":[{"id":1970,"href":"https:\/\/guapimirim.rj.gov.br\/novosite\/wp-json\/wp\/v2\/posts\/1962\/revisions\/1970"}],"wp:featuredmedia":[{"embeddable":true,"href":"https:\/\/guapimirim.rj.gov.br\/novosite\/wp-json\/wp\/v2\/media\/1965"}],"wp:attachment":[{"href":"https:\/\/guapimirim.rj.gov.br\/novosite\/wp-json\/wp\/v2\/media?parent=1962"}],"wp:term":[{"taxonomy":"category","embeddable":true,"href":"https:\/\/guapimirim.rj.gov.br\/novosite\/wp-json\/wp\/v2\/categories?post=1962"},{"taxonomy":"post_tag","embeddable":true,"href":"https:\/\/guapimirim.rj.gov.br\/novosite\/wp-json\/wp\/v2\/tags?post=1962"}],"curies":[{"name":"wp","href":"https:\/\/api.w.org\/{rel}","templated":true}]}}