{"id":1958,"date":"2025-09-04T11:31:19","date_gmt":"2025-09-04T14:31:19","guid":{"rendered":"https:\/\/guapimirim.rj.gov.br\/novosite\/?p=1958"},"modified":"2025-09-12T11:38:26","modified_gmt":"2025-09-12T14:38:26","slug":"plano-diretor-de-guapimirim-avanca-para-a-etapa-das-devolutivas-das-oficinas-de-bairros","status":"publish","type":"post","link":"https:\/\/guapimirim.rj.gov.br\/novosite\/plano-diretor-de-guapimirim-avanca-para-a-etapa-das-devolutivas-das-oficinas-de-bairros\/","title":{"rendered":"Plano Diretor de Guapimirim avan\u00e7a para a etapa das devolutivas das Oficinas de Bairros"},"content":{"rendered":"<p data-start=\"321\" data-end=\"515\">A Prefeitura de Guapimirim, por meio da Secretaria de Urbanismo e Regulariza\u00e7\u00e3o Fundi\u00e1ria, convida toda a popula\u00e7\u00e3o a participar das\u00a0<strong data-start=\"454\" data-end=\"512\">reuni\u00f5es de devolutivas do Plano Diretor de Guapimirim<\/strong>.<\/p>\n<p data-start=\"517\" data-end=\"812\">Este \u00e9 o momento de conhecer os resultados das Oficinas de Bairros, dialogar sobre os principais desafios da cidade, propor solu\u00e7\u00f5es e ajudar a planejar o futuro de Guapimirim. A participa\u00e7\u00e3o popular \u00e9 fundamental para construirmos juntos uma cidade mais organizada, sustent\u00e1vel e feliz.<\/p>\n<p data-start=\"814\" data-end=\"872\">Confira abaixo as datas, hor\u00e1rios e locais das reuni\u00f5es:<\/p>\n<p data-start=\"874\" data-end=\"1145\">\ud83d\udccd\u00a0<strong data-start=\"877\" data-end=\"894\">Parada Modelo<\/strong><br data-start=\"894\" data-end=\"897\" \/>Bairros: Orindi, Granjas, Bananal, Segredo, Para\u00edso, Parada Ideal, Cadete Fabres, Parada Modelo, Parque Santa Eug\u00eania, Cidade Jardim Guapimirim<br data-start=\"1040\" data-end=\"1043\" \/>\ud83d\uddd3 Data:\u00a0<strong data-start=\"1052\" data-end=\"1066\">08\/09\/2025<\/strong><br data-start=\"1066\" data-end=\"1069\" \/>\u23f0 Hor\u00e1rio:\u00a0<strong data-start=\"1080\" data-end=\"1089\">18h30<\/strong><br data-start=\"1089\" data-end=\"1092\" \/>\ud83d\udccc Local:\u00a0<strong data-start=\"1102\" data-end=\"1145\">Escola Municipal Neli Albuquerque Vivas<\/strong><\/p>\n<p data-start=\"1147\" data-end=\"1405\">\ud83d\udccd\u00a0<strong data-start=\"1150\" data-end=\"1171\">Vale do Jequitib\u00e1<\/strong><br data-start=\"1171\" data-end=\"1174\" \/>Bairros: Centro, Corujas, Paiol, Cantagalo, Espinha\u00e7o, Quinta Mariana, Vale do Jequitib\u00e1, Parque Freixal, Parque Silvestre, Monte Olivete<br data-start=\"1311\" data-end=\"1314\" \/>\ud83d\uddd3 Data:\u00a0<strong data-start=\"1323\" data-end=\"1337\">09\/09\/2025<\/strong><br data-start=\"1337\" data-end=\"1340\" \/>\u23f0 Hor\u00e1rio:\u00a0<strong data-start=\"1351\" data-end=\"1360\">18h30<\/strong><br data-start=\"1360\" data-end=\"1363\" \/>\ud83d\udccc Local:\u00a0<strong data-start=\"1373\" data-end=\"1405\">Escola Municipal Ilza Junger<\/strong><\/p>\n<p data-start=\"1407\" data-end=\"1592\">\ud83d\udccd\u00a0<strong data-start=\"1410\" data-end=\"1419\">Cotia<\/strong><br data-start=\"1419\" data-end=\"1422\" \/>Bairros: Cotia, Iconha, Garraf\u00e3o, Caneca Fina, Limoeiro, Barreira<br data-start=\"1487\" data-end=\"1490\" \/>\ud83d\uddd3 Data:\u00a0<strong data-start=\"1499\" data-end=\"1513\">10\/09\/2025<\/strong><br data-start=\"1513\" data-end=\"1516\" \/>\u23f0 Hor\u00e1rio:\u00a0<strong data-start=\"1527\" data-end=\"1536\">18h30<\/strong><br data-start=\"1536\" data-end=\"1539\" \/>\ud83d\udccc Local:\u00a0<strong data-start=\"1549\" data-end=\"1592\">Creche Am\u00e9lia Maria da Concei\u00e7\u00e3o Ulrick<\/strong><\/p>\n<p data-start=\"1594\" data-end=\"1836\">\ud83d\udccd\u00a0<strong data-start=\"1597\" data-end=\"1619\">Vale das Pedrinhas<\/strong><br data-start=\"1619\" data-end=\"1622\" \/>Bairros: Vila Ol\u00edmpia, V\u00e1rzea Alegre, Citrol\u00e2ndia, Vale das Pedrinhas, Nova Mar\u00edlia, Parque Nossa Senhora d\u2019Ajuda<br data-start=\"1735\" data-end=\"1738\" \/>\ud83d\uddd3 Data:\u00a0<strong data-start=\"1747\" data-end=\"1761\">11\/09\/2025<\/strong><br data-start=\"1761\" data-end=\"1764\" \/>\u23f0 Hor\u00e1rio:\u00a0<strong data-start=\"1775\" data-end=\"1784\">18h30<\/strong><br data-start=\"1784\" data-end=\"1787\" \/>\ud83d\udccc Local:\u00a0<strong data-start=\"1797\" data-end=\"1836\">Escola Municipal Nelson Costa Mello<\/strong><\/p>\n<p data-start=\"1838\" data-end=\"1944\">\u00a0Participe da reuni\u00e3o da sua regi\u00e3o!<br data-start=\"1876\" data-end=\"1879\" \/>O futuro de Guapimirim se constr\u00f3i com a participa\u00e7\u00e3o de todos.<\/p>\n","protected":false},"excerpt":{"rendered":"<p>A Prefeitura de Guapimirim, por meio da Secretaria de Urbanismo e Regulariza\u00e7\u00e3o Fundi\u00e1ria, convida toda a popula\u00e7\u00e3o a participar das\u00a0reuni\u00f5es de devolutivas do Plano Diretor de Guapimirim. Este \u00e9 o momento de conhecer os resultados das Oficinas de Bairros, dialogar sobre os principais desafios da cidade, propor solu\u00e7\u00f5es e ajudar a planejar o futuro de [&hellip;]<\/p>\n","protected":false},"author":1,"featured_media":1960,"comment_status":"open","ping_status":"open","sticky":false,"template":"","format":"standard","meta":{"footnotes":""},"categories":[33,39],"tags":[],"class_list":["post-1958","post","type-post","status-publish","format-standard","has-post-thumbnail","hentry","category-destaque","category-urbanismo"],"_links":{"self":[{"href":"https:\/\/guapimirim.rj.gov.br\/novosite\/wp-json\/wp\/v2\/posts\/1958","targetHints":{"allow":["GET"]}}],"collection":[{"href":"https:\/\/guapimirim.rj.gov.br\/novosite\/wp-json\/wp\/v2\/posts"}],"about":[{"href":"https:\/\/guapimirim.rj.gov.br\/novosite\/wp-json\/wp\/v2\/types\/post"}],"author":[{"embeddable":true,"href":"https:\/\/guapimirim.rj.gov.br\/novosite\/wp-json\/wp\/v2\/users\/1"}],"replies":[{"embeddable":true,"href":"https:\/\/guapimirim.rj.gov.br\/novosite\/wp-json\/wp\/v2\/comments?post=1958"}],"version-history":[{"count":1,"href":"https:\/\/guapimirim.rj.gov.br\/novosite\/wp-json\/wp\/v2\/posts\/1958\/revisions"}],"predecessor-version":[{"id":1961,"href":"https:\/\/guapimirim.rj.gov.br\/novosite\/wp-json\/wp\/v2\/posts\/1958\/revisions\/1961"}],"wp:featuredmedia":[{"embeddable":true,"href":"https:\/\/guapimirim.rj.gov.br\/novosite\/wp-json\/wp\/v2\/media\/1960"}],"wp:attachment":[{"href":"https:\/\/guapimirim.rj.gov.br\/novosite\/wp-json\/wp\/v2\/media?parent=1958"}],"wp:term":[{"taxonomy":"category","embeddable":true,"href":"https:\/\/guapimirim.rj.gov.br\/novosite\/wp-json\/wp\/v2\/categories?post=1958"},{"taxonomy":"post_tag","embeddable":true,"href":"https:\/\/guapimirim.rj.gov.br\/novosite\/wp-json\/wp\/v2\/tags?post=1958"}],"curies":[{"name":"wp","href":"https:\/\/api.w.org\/{rel}","templated":true}]}}