{"id":1954,"date":"2025-09-02T11:27:31","date_gmt":"2025-09-02T14:27:31","guid":{"rendered":"https:\/\/guapimirim.rj.gov.br\/novosite\/?p=1954"},"modified":"2025-09-12T11:30:56","modified_gmt":"2025-09-12T14:30:56","slug":"guapimirim-convoca-sociedade-civil-para-eleicao-do-conselho-municipal-de-turismo","status":"publish","type":"post","link":"https:\/\/guapimirim.rj.gov.br\/novosite\/guapimirim-convoca-sociedade-civil-para-eleicao-do-conselho-municipal-de-turismo\/","title":{"rendered":"Guapimirim convoca sociedade civil para elei\u00e7\u00e3o do Conselho Municipal de Turismo"},"content":{"rendered":"<p>A Prefeitura de Guapimirim, em conformidade com a Lei Municipal n\u00ba 979, de 10 de julho de 2017, anunciou a convoca\u00e7\u00e3o dos representantes da sociedade civil para participar da Assembleia de Elei\u00e7\u00e3o do Conselho Municipal de Turismo, referente ao bi\u00eanio 2025\/2027.<\/p>\n<p>Est\u00e3o aptos a participar do processo eleitoral os representantes dos seguintes segmentos: Associa\u00e7\u00e3o de Artes\u00e3os; Associa\u00e7\u00e3o de Cervejeiros Artesanais; Associa\u00e7\u00e3o Comercial, Industrial e Agropecu\u00e1ria de Guapimirim; Hot\u00e9is e Pousadas; Associa\u00e7\u00e3o de Moradores; e Agentes de Turismo, desde que possuam sede e atividade no munic\u00edpio.<\/p>\n<p>A assembleia ser\u00e1 realizada no dia 07 de outubro de 2025, oportunidade em que ser\u00e3o escolhidos os membros titulares e suplentes que ir\u00e3o compor o Conselho Municipal de Turismo para os pr\u00f3ximos dois anos.<\/p>\n<p>O Conselho \u00e9 um espa\u00e7o de participa\u00e7\u00e3o democr\u00e1tica e tem como objetivo fortalecer o turismo local, fomentando pol\u00edticas p\u00fablicas, discutindo propostas e contribuindo para o desenvolvimento econ\u00f4mico e social de Guapimirim.<\/p>\n<p>Segue aqui o <a href=\"https:\/\/guapimirim.rj.gov.br\/novosite\/wp-content\/uploads\/2025\/09\/EDITAL-COMTUR-2025-2027.pdf\"><strong>edital completo<\/strong><\/a> para maiores informa\u00e7\u00f5es.<\/p>\n","protected":false},"excerpt":{"rendered":"<p>A Prefeitura de Guapimirim, em conformidade com a Lei Municipal n\u00ba 979, de 10 de julho de 2017, anunciou a convoca\u00e7\u00e3o dos representantes da sociedade civil para participar da Assembleia de Elei\u00e7\u00e3o do Conselho Municipal de Turismo, referente ao bi\u00eanio 2025\/2027. Est\u00e3o aptos a participar do processo eleitoral os representantes dos seguintes segmentos: Associa\u00e7\u00e3o de [&hellip;]<\/p>\n","protected":false},"author":1,"featured_media":1956,"comment_status":"open","ping_status":"open","sticky":false,"template":"","format":"standard","meta":{"footnotes":""},"categories":[33,27],"tags":[],"class_list":["post-1954","post","type-post","status-publish","format-standard","has-post-thumbnail","hentry","category-destaque","category-turismo"],"_links":{"self":[{"href":"https:\/\/guapimirim.rj.gov.br\/novosite\/wp-json\/wp\/v2\/posts\/1954","targetHints":{"allow":["GET"]}}],"collection":[{"href":"https:\/\/guapimirim.rj.gov.br\/novosite\/wp-json\/wp\/v2\/posts"}],"about":[{"href":"https:\/\/guapimirim.rj.gov.br\/novosite\/wp-json\/wp\/v2\/types\/post"}],"author":[{"embeddable":true,"href":"https:\/\/guapimirim.rj.gov.br\/novosite\/wp-json\/wp\/v2\/users\/1"}],"replies":[{"embeddable":true,"href":"https:\/\/guapimirim.rj.gov.br\/novosite\/wp-json\/wp\/v2\/comments?post=1954"}],"version-history":[{"count":1,"href":"https:\/\/guapimirim.rj.gov.br\/novosite\/wp-json\/wp\/v2\/posts\/1954\/revisions"}],"predecessor-version":[{"id":1957,"href":"https:\/\/guapimirim.rj.gov.br\/novosite\/wp-json\/wp\/v2\/posts\/1954\/revisions\/1957"}],"wp:featuredmedia":[{"embeddable":true,"href":"https:\/\/guapimirim.rj.gov.br\/novosite\/wp-json\/wp\/v2\/media\/1956"}],"wp:attachment":[{"href":"https:\/\/guapimirim.rj.gov.br\/novosite\/wp-json\/wp\/v2\/media?parent=1954"}],"wp:term":[{"taxonomy":"category","embeddable":true,"href":"https:\/\/guapimirim.rj.gov.br\/novosite\/wp-json\/wp\/v2\/categories?post=1954"},{"taxonomy":"post_tag","embeddable":true,"href":"https:\/\/guapimirim.rj.gov.br\/novosite\/wp-json\/wp\/v2\/tags?post=1954"}],"curies":[{"name":"wp","href":"https:\/\/api.w.org\/{rel}","templated":true}]}}