{"id":1781,"date":"2025-08-04T12:16:59","date_gmt":"2025-08-04T15:16:59","guid":{"rendered":"https:\/\/guapimirim.rj.gov.br\/novosite\/?p=1781"},"modified":"2025-08-05T12:21:43","modified_gmt":"2025-08-05T15:21:43","slug":"guapimirim-celebra-cultura-e-diversidade-no-7o-festival-de-inverno","status":"publish","type":"post","link":"https:\/\/guapimirim.rj.gov.br\/novosite\/guapimirim-celebra-cultura-e-diversidade-no-7o-festival-de-inverno\/","title":{"rendered":"Guapimirim celebra cultura e diversidade no 7\u00ba Festival de Inverno"},"content":{"rendered":"<p data-start=\"156\" data-end=\"345\">Guapimirim viveu 11 dias de arte, m\u00fasica e gastronomia durante o\u00a0<strong data-start=\"221\" data-end=\"247\">7\u00ba Festival de Inverno<\/strong>, que movimentou a cidade e reuniu moradores e visitantes em uma verdadeira celebra\u00e7\u00e3o cultural.<\/p>\n<p data-start=\"347\" data-end=\"555\">A edi\u00e7\u00e3o deste ano trouxe uma programa\u00e7\u00e3o diversificada, com apresenta\u00e7\u00f5es de\u00a0<strong data-start=\"425\" data-end=\"450\">m\u00fasica, teatro, dan\u00e7a<\/strong>, al\u00e9m de espa\u00e7os dedicados \u00e0\u00a0<strong data-start=\"480\" data-end=\"517\">gastronomia local e ao artesanato<\/strong>, valorizando os talentos da regi\u00e3o.<\/p>\n<div id='gallery-1' class='gallery galleryid-1781 gallery-columns-5 gallery-size-large'><figure class='gallery-item'>\n\t\t\t<div class='gallery-icon landscape'>\n\t\t\t\t<a href='https:\/\/guapimirim.rj.gov.br\/novosite\/wp-content\/uploads\/2025\/08\/festival24.jpg'><img fetchpriority=\"high\" decoding=\"async\" width=\"800\" height=\"534\" src=\"https:\/\/guapimirim.rj.gov.br\/novosite\/wp-content\/uploads\/2025\/08\/festival24-1024x683.jpg\" class=\"attachment-large size-large\" alt=\"\" srcset=\"https:\/\/guapimirim.rj.gov.br\/novosite\/wp-content\/uploads\/2025\/08\/festival24-1024x683.jpg 1024w, https:\/\/guapimirim.rj.gov.br\/novosite\/wp-content\/uploads\/2025\/08\/festival24-300x200.jpg 300w, https:\/\/guapimirim.rj.gov.br\/novosite\/wp-content\/uploads\/2025\/08\/festival24-768x512.jpg 768w, https:\/\/guapimirim.rj.gov.br\/novosite\/wp-content\/uploads\/2025\/08\/festival24.jpg 1500w\" sizes=\"(max-width: 800px) 100vw, 800px\" \/><\/a>\n\t\t\t<\/div><\/figure><figure class='gallery-item'>\n\t\t\t<div class='gallery-icon landscape'>\n\t\t\t\t<a href='https:\/\/guapimirim.rj.gov.br\/novosite\/wp-content\/uploads\/2025\/08\/festival3.jpg'><img decoding=\"async\" width=\"800\" height=\"534\" src=\"https:\/\/guapimirim.rj.gov.br\/novosite\/wp-content\/uploads\/2025\/08\/festival3-1024x683.jpg\" class=\"attachment-large size-large\" alt=\"\" srcset=\"https:\/\/guapimirim.rj.gov.br\/novosite\/wp-content\/uploads\/2025\/08\/festival3-1024x683.jpg 1024w, https:\/\/guapimirim.rj.gov.br\/novosite\/wp-content\/uploads\/2025\/08\/festival3-300x200.jpg 300w, https:\/\/guapimirim.rj.gov.br\/novosite\/wp-content\/uploads\/2025\/08\/festival3-768x512.jpg 768w, https:\/\/guapimirim.rj.gov.br\/novosite\/wp-content\/uploads\/2025\/08\/festival3.jpg 1500w\" sizes=\"(max-width: 800px) 100vw, 800px\" \/><\/a>\n\t\t\t<\/div><\/figure><figure class='gallery-item'>\n\t\t\t<div class='gallery-icon landscape'>\n\t\t\t\t<a href='https:\/\/guapimirim.rj.gov.br\/novosite\/wp-content\/uploads\/2025\/08\/festival30.jpg'><img decoding=\"async\" width=\"800\" height=\"534\" src=\"https:\/\/guapimirim.rj.gov.br\/novosite\/wp-content\/uploads\/2025\/08\/festival30-1024x683.jpg\" class=\"attachment-large size-large\" alt=\"\" srcset=\"https:\/\/guapimirim.rj.gov.br\/novosite\/wp-content\/uploads\/2025\/08\/festival30-1024x683.jpg 1024w, https:\/\/guapimirim.rj.gov.br\/novosite\/wp-content\/uploads\/2025\/08\/festival30-300x200.jpg 300w, https:\/\/guapimirim.rj.gov.br\/novosite\/wp-content\/uploads\/2025\/08\/festival30-768x512.jpg 768w, https:\/\/guapimirim.rj.gov.br\/novosite\/wp-content\/uploads\/2025\/08\/festival30.jpg 1500w\" sizes=\"(max-width: 800px) 100vw, 800px\" \/><\/a>\n\t\t\t<\/div><\/figure><figure class='gallery-item'>\n\t\t\t<div class='gallery-icon landscape'>\n\t\t\t\t<a href='https:\/\/guapimirim.rj.gov.br\/novosite\/wp-content\/uploads\/2025\/08\/festival29.jpg'><img loading=\"lazy\" decoding=\"async\" width=\"800\" height=\"534\" src=\"https:\/\/guapimirim.rj.gov.br\/novosite\/wp-content\/uploads\/2025\/08\/festival29-1024x683.jpg\" class=\"attachment-large size-large\" alt=\"\" srcset=\"https:\/\/guapimirim.rj.gov.br\/novosite\/wp-content\/uploads\/2025\/08\/festival29-1024x683.jpg 1024w, https:\/\/guapimirim.rj.gov.br\/novosite\/wp-content\/uploads\/2025\/08\/festival29-300x200.jpg 300w, https:\/\/guapimirim.rj.gov.br\/novosite\/wp-content\/uploads\/2025\/08\/festival29-768x512.jpg 768w, https:\/\/guapimirim.rj.gov.br\/novosite\/wp-content\/uploads\/2025\/08\/festival29.jpg 1500w\" sizes=\"(max-width: 800px) 100vw, 800px\" \/><\/a>\n\t\t\t<\/div><\/figure><figure class='gallery-item'>\n\t\t\t<div class='gallery-icon landscape'>\n\t\t\t\t<a href='https:\/\/guapimirim.rj.gov.br\/novosite\/wp-content\/uploads\/2025\/08\/festival28.jpg'><img loading=\"lazy\" decoding=\"async\" width=\"800\" height=\"534\" src=\"https:\/\/guapimirim.rj.gov.br\/novosite\/wp-content\/uploads\/2025\/08\/festival28-1024x683.jpg\" class=\"attachment-large size-large\" alt=\"\" srcset=\"https:\/\/guapimirim.rj.gov.br\/novosite\/wp-content\/uploads\/2025\/08\/festival28-1024x683.jpg 1024w, https:\/\/guapimirim.rj.gov.br\/novosite\/wp-content\/uploads\/2025\/08\/festival28-300x200.jpg 300w, https:\/\/guapimirim.rj.gov.br\/novosite\/wp-content\/uploads\/2025\/08\/festival28-768x512.jpg 768w, https:\/\/guapimirim.rj.gov.br\/novosite\/wp-content\/uploads\/2025\/08\/festival28.jpg 1500w\" sizes=\"(max-width: 800px) 100vw, 800px\" \/><\/a>\n\t\t\t<\/div><\/figure><figure class='gallery-item'>\n\t\t\t<div class='gallery-icon landscape'>\n\t\t\t\t<a href='https:\/\/guapimirim.rj.gov.br\/novosite\/wp-content\/uploads\/2025\/08\/festival27.jpg'><img loading=\"lazy\" decoding=\"async\" width=\"800\" height=\"534\" src=\"https:\/\/guapimirim.rj.gov.br\/novosite\/wp-content\/uploads\/2025\/08\/festival27-1024x683.jpg\" class=\"attachment-large size-large\" alt=\"\" srcset=\"https:\/\/guapimirim.rj.gov.br\/novosite\/wp-content\/uploads\/2025\/08\/festival27-1024x683.jpg 1024w, https:\/\/guapimirim.rj.gov.br\/novosite\/wp-content\/uploads\/2025\/08\/festival27-300x200.jpg 300w, https:\/\/guapimirim.rj.gov.br\/novosite\/wp-content\/uploads\/2025\/08\/festival27-768x512.jpg 768w, https:\/\/guapimirim.rj.gov.br\/novosite\/wp-content\/uploads\/2025\/08\/festival27.jpg 1500w\" sizes=\"(max-width: 800px) 100vw, 800px\" \/><\/a>\n\t\t\t<\/div><\/figure><figure class='gallery-item'>\n\t\t\t<div class='gallery-icon landscape'>\n\t\t\t\t<a href='https:\/\/guapimirim.rj.gov.br\/novosite\/wp-content\/uploads\/2025\/08\/festival26.jpg'><img loading=\"lazy\" decoding=\"async\" width=\"800\" height=\"534\" src=\"https:\/\/guapimirim.rj.gov.br\/novosite\/wp-content\/uploads\/2025\/08\/festival26-1024x683.jpg\" class=\"attachment-large size-large\" alt=\"\" srcset=\"https:\/\/guapimirim.rj.gov.br\/novosite\/wp-content\/uploads\/2025\/08\/festival26-1024x683.jpg 1024w, https:\/\/guapimirim.rj.gov.br\/novosite\/wp-content\/uploads\/2025\/08\/festival26-300x200.jpg 300w, https:\/\/guapimirim.rj.gov.br\/novosite\/wp-content\/uploads\/2025\/08\/festival26-768x512.jpg 768w, https:\/\/guapimirim.rj.gov.br\/novosite\/wp-content\/uploads\/2025\/08\/festival26.jpg 1500w\" sizes=\"(max-width: 800px) 100vw, 800px\" \/><\/a>\n\t\t\t<\/div><\/figure><figure class='gallery-item'>\n\t\t\t<div class='gallery-icon landscape'>\n\t\t\t\t<a href='https:\/\/guapimirim.rj.gov.br\/novosite\/wp-content\/uploads\/2025\/08\/festival25.jpg'><img loading=\"lazy\" decoding=\"async\" width=\"800\" height=\"534\" src=\"https:\/\/guapimirim.rj.gov.br\/novosite\/wp-content\/uploads\/2025\/08\/festival25-1024x683.jpg\" class=\"attachment-large size-large\" alt=\"\" srcset=\"https:\/\/guapimirim.rj.gov.br\/novosite\/wp-content\/uploads\/2025\/08\/festival25-1024x683.jpg 1024w, https:\/\/guapimirim.rj.gov.br\/novosite\/wp-content\/uploads\/2025\/08\/festival25-300x200.jpg 300w, https:\/\/guapimirim.rj.gov.br\/novosite\/wp-content\/uploads\/2025\/08\/festival25-768x512.jpg 768w, https:\/\/guapimirim.rj.gov.br\/novosite\/wp-content\/uploads\/2025\/08\/festival25.jpg 1500w\" sizes=\"(max-width: 800px) 100vw, 800px\" \/><\/a>\n\t\t\t<\/div><\/figure><figure class='gallery-item'>\n\t\t\t<div class='gallery-icon landscape'>\n\t\t\t\t<a href='https:\/\/guapimirim.rj.gov.br\/novosite\/wp-content\/uploads\/2025\/08\/festival23.jpg'><img loading=\"lazy\" decoding=\"async\" width=\"800\" height=\"534\" src=\"https:\/\/guapimirim.rj.gov.br\/novosite\/wp-content\/uploads\/2025\/08\/festival23-1024x683.jpg\" class=\"attachment-large size-large\" alt=\"\" srcset=\"https:\/\/guapimirim.rj.gov.br\/novosite\/wp-content\/uploads\/2025\/08\/festival23-1024x683.jpg 1024w, https:\/\/guapimirim.rj.gov.br\/novosite\/wp-content\/uploads\/2025\/08\/festival23-300x200.jpg 300w, https:\/\/guapimirim.rj.gov.br\/novosite\/wp-content\/uploads\/2025\/08\/festival23-768x512.jpg 768w, https:\/\/guapimirim.rj.gov.br\/novosite\/wp-content\/uploads\/2025\/08\/festival23.jpg 1500w\" sizes=\"(max-width: 800px) 100vw, 800px\" \/><\/a>\n\t\t\t<\/div><\/figure><figure class='gallery-item'>\n\t\t\t<div class='gallery-icon landscape'>\n\t\t\t\t<a href='https:\/\/guapimirim.rj.gov.br\/novosite\/wp-content\/uploads\/2025\/08\/festival22.jpg'><img loading=\"lazy\" decoding=\"async\" width=\"800\" height=\"534\" src=\"https:\/\/guapimirim.rj.gov.br\/novosite\/wp-content\/uploads\/2025\/08\/festival22-1024x683.jpg\" class=\"attachment-large size-large\" alt=\"\" srcset=\"https:\/\/guapimirim.rj.gov.br\/novosite\/wp-content\/uploads\/2025\/08\/festival22-1024x683.jpg 1024w, https:\/\/guapimirim.rj.gov.br\/novosite\/wp-content\/uploads\/2025\/08\/festival22-300x200.jpg 300w, https:\/\/guapimirim.rj.gov.br\/novosite\/wp-content\/uploads\/2025\/08\/festival22-768x512.jpg 768w, https:\/\/guapimirim.rj.gov.br\/novosite\/wp-content\/uploads\/2025\/08\/festival22.jpg 1500w\" sizes=\"(max-width: 800px) 100vw, 800px\" \/><\/a>\n\t\t\t<\/div><\/figure><figure class='gallery-item'>\n\t\t\t<div class='gallery-icon landscape'>\n\t\t\t\t<a href='https:\/\/guapimirim.rj.gov.br\/novosite\/wp-content\/uploads\/2025\/08\/festival21.jpg'><img loading=\"lazy\" decoding=\"async\" width=\"800\" height=\"534\" src=\"https:\/\/guapimirim.rj.gov.br\/novosite\/wp-content\/uploads\/2025\/08\/festival21-1024x683.jpg\" class=\"attachment-large size-large\" alt=\"\" srcset=\"https:\/\/guapimirim.rj.gov.br\/novosite\/wp-content\/uploads\/2025\/08\/festival21-1024x683.jpg 1024w, https:\/\/guapimirim.rj.gov.br\/novosite\/wp-content\/uploads\/2025\/08\/festival21-300x200.jpg 300w, https:\/\/guapimirim.rj.gov.br\/novosite\/wp-content\/uploads\/2025\/08\/festival21-768x512.jpg 768w, https:\/\/guapimirim.rj.gov.br\/novosite\/wp-content\/uploads\/2025\/08\/festival21.jpg 1500w\" sizes=\"(max-width: 800px) 100vw, 800px\" \/><\/a>\n\t\t\t<\/div><\/figure><figure class='gallery-item'>\n\t\t\t<div class='gallery-icon landscape'>\n\t\t\t\t<a href='https:\/\/guapimirim.rj.gov.br\/novosite\/wp-content\/uploads\/2025\/08\/festival20.jpg'><img loading=\"lazy\" decoding=\"async\" width=\"800\" height=\"534\" src=\"https:\/\/guapimirim.rj.gov.br\/novosite\/wp-content\/uploads\/2025\/08\/festival20-1024x683.jpg\" class=\"attachment-large size-large\" alt=\"\" srcset=\"https:\/\/guapimirim.rj.gov.br\/novosite\/wp-content\/uploads\/2025\/08\/festival20-1024x683.jpg 1024w, https:\/\/guapimirim.rj.gov.br\/novosite\/wp-content\/uploads\/2025\/08\/festival20-300x200.jpg 300w, https:\/\/guapimirim.rj.gov.br\/novosite\/wp-content\/uploads\/2025\/08\/festival20-768x512.jpg 768w, https:\/\/guapimirim.rj.gov.br\/novosite\/wp-content\/uploads\/2025\/08\/festival20.jpg 1500w\" sizes=\"(max-width: 800px) 100vw, 800px\" \/><\/a>\n\t\t\t<\/div><\/figure><figure class='gallery-item'>\n\t\t\t<div class='gallery-icon landscape'>\n\t\t\t\t<a href='https:\/\/guapimirim.rj.gov.br\/novosite\/wp-content\/uploads\/2025\/08\/festival19.jpg'><img loading=\"lazy\" decoding=\"async\" width=\"800\" height=\"534\" src=\"https:\/\/guapimirim.rj.gov.br\/novosite\/wp-content\/uploads\/2025\/08\/festival19-1024x683.jpg\" class=\"attachment-large size-large\" alt=\"\" srcset=\"https:\/\/guapimirim.rj.gov.br\/novosite\/wp-content\/uploads\/2025\/08\/festival19-1024x683.jpg 1024w, https:\/\/guapimirim.rj.gov.br\/novosite\/wp-content\/uploads\/2025\/08\/festival19-300x200.jpg 300w, https:\/\/guapimirim.rj.gov.br\/novosite\/wp-content\/uploads\/2025\/08\/festival19-768x512.jpg 768w, https:\/\/guapimirim.rj.gov.br\/novosite\/wp-content\/uploads\/2025\/08\/festival19.jpg 1500w\" sizes=\"(max-width: 800px) 100vw, 800px\" \/><\/a>\n\t\t\t<\/div><\/figure><figure class='gallery-item'>\n\t\t\t<div class='gallery-icon landscape'>\n\t\t\t\t<a href='https:\/\/guapimirim.rj.gov.br\/novosite\/wp-content\/uploads\/2025\/08\/festival18.jpg'><img loading=\"lazy\" decoding=\"async\" width=\"800\" height=\"534\" src=\"https:\/\/guapimirim.rj.gov.br\/novosite\/wp-content\/uploads\/2025\/08\/festival18-1024x683.jpg\" class=\"attachment-large size-large\" alt=\"\" srcset=\"https:\/\/guapimirim.rj.gov.br\/novosite\/wp-content\/uploads\/2025\/08\/festival18-1024x683.jpg 1024w, https:\/\/guapimirim.rj.gov.br\/novosite\/wp-content\/uploads\/2025\/08\/festival18-300x200.jpg 300w, https:\/\/guapimirim.rj.gov.br\/novosite\/wp-content\/uploads\/2025\/08\/festival18-768x512.jpg 768w, https:\/\/guapimirim.rj.gov.br\/novosite\/wp-content\/uploads\/2025\/08\/festival18.jpg 1500w\" sizes=\"(max-width: 800px) 100vw, 800px\" \/><\/a>\n\t\t\t<\/div><\/figure><figure class='gallery-item'>\n\t\t\t<div class='gallery-icon landscape'>\n\t\t\t\t<a href='https:\/\/guapimirim.rj.gov.br\/novosite\/wp-content\/uploads\/2025\/08\/festival17.jpg'><img loading=\"lazy\" decoding=\"async\" width=\"800\" height=\"534\" src=\"https:\/\/guapimirim.rj.gov.br\/novosite\/wp-content\/uploads\/2025\/08\/festival17-1024x683.jpg\" class=\"attachment-large size-large\" alt=\"\" srcset=\"https:\/\/guapimirim.rj.gov.br\/novosite\/wp-content\/uploads\/2025\/08\/festival17-1024x683.jpg 1024w, https:\/\/guapimirim.rj.gov.br\/novosite\/wp-content\/uploads\/2025\/08\/festival17-300x200.jpg 300w, https:\/\/guapimirim.rj.gov.br\/novosite\/wp-content\/uploads\/2025\/08\/festival17-768x512.jpg 768w, https:\/\/guapimirim.rj.gov.br\/novosite\/wp-content\/uploads\/2025\/08\/festival17.jpg 1500w\" sizes=\"(max-width: 800px) 100vw, 800px\" \/><\/a>\n\t\t\t<\/div><\/figure><figure class='gallery-item'>\n\t\t\t<div class='gallery-icon landscape'>\n\t\t\t\t<a href='https:\/\/guapimirim.rj.gov.br\/novosite\/wp-content\/uploads\/2025\/08\/festival16.jpg'><img loading=\"lazy\" decoding=\"async\" width=\"800\" height=\"534\" src=\"https:\/\/guapimirim.rj.gov.br\/novosite\/wp-content\/uploads\/2025\/08\/festival16-1024x683.jpg\" class=\"attachment-large size-large\" alt=\"\" srcset=\"https:\/\/guapimirim.rj.gov.br\/novosite\/wp-content\/uploads\/2025\/08\/festival16-1024x683.jpg 1024w, https:\/\/guapimirim.rj.gov.br\/novosite\/wp-content\/uploads\/2025\/08\/festival16-300x200.jpg 300w, https:\/\/guapimirim.rj.gov.br\/novosite\/wp-content\/uploads\/2025\/08\/festival16-768x512.jpg 768w, https:\/\/guapimirim.rj.gov.br\/novosite\/wp-content\/uploads\/2025\/08\/festival16.jpg 1500w\" sizes=\"(max-width: 800px) 100vw, 800px\" \/><\/a>\n\t\t\t<\/div><\/figure><figure class='gallery-item'>\n\t\t\t<div class='gallery-icon landscape'>\n\t\t\t\t<a href='https:\/\/guapimirim.rj.gov.br\/novosite\/wp-content\/uploads\/2025\/08\/festival15.jpg'><img loading=\"lazy\" decoding=\"async\" width=\"800\" height=\"534\" src=\"https:\/\/guapimirim.rj.gov.br\/novosite\/wp-content\/uploads\/2025\/08\/festival15-1024x683.jpg\" class=\"attachment-large size-large\" alt=\"\" srcset=\"https:\/\/guapimirim.rj.gov.br\/novosite\/wp-content\/uploads\/2025\/08\/festival15-1024x683.jpg 1024w, https:\/\/guapimirim.rj.gov.br\/novosite\/wp-content\/uploads\/2025\/08\/festival15-300x200.jpg 300w, https:\/\/guapimirim.rj.gov.br\/novosite\/wp-content\/uploads\/2025\/08\/festival15-768x512.jpg 768w, https:\/\/guapimirim.rj.gov.br\/novosite\/wp-content\/uploads\/2025\/08\/festival15.jpg 1500w\" sizes=\"(max-width: 800px) 100vw, 800px\" \/><\/a>\n\t\t\t<\/div><\/figure><figure class='gallery-item'>\n\t\t\t<div class='gallery-icon landscape'>\n\t\t\t\t<a href='https:\/\/guapimirim.rj.gov.br\/novosite\/wp-content\/uploads\/2025\/08\/festival14.jpg'><img loading=\"lazy\" decoding=\"async\" width=\"800\" height=\"534\" src=\"https:\/\/guapimirim.rj.gov.br\/novosite\/wp-content\/uploads\/2025\/08\/festival14-1024x683.jpg\" class=\"attachment-large size-large\" alt=\"\" srcset=\"https:\/\/guapimirim.rj.gov.br\/novosite\/wp-content\/uploads\/2025\/08\/festival14-1024x683.jpg 1024w, https:\/\/guapimirim.rj.gov.br\/novosite\/wp-content\/uploads\/2025\/08\/festival14-300x200.jpg 300w, https:\/\/guapimirim.rj.gov.br\/novosite\/wp-content\/uploads\/2025\/08\/festival14-768x512.jpg 768w, https:\/\/guapimirim.rj.gov.br\/novosite\/wp-content\/uploads\/2025\/08\/festival14.jpg 1500w\" sizes=\"(max-width: 800px) 100vw, 800px\" \/><\/a>\n\t\t\t<\/div><\/figure><figure class='gallery-item'>\n\t\t\t<div class='gallery-icon landscape'>\n\t\t\t\t<a href='https:\/\/guapimirim.rj.gov.br\/novosite\/wp-content\/uploads\/2025\/08\/festival13.jpg'><img loading=\"lazy\" decoding=\"async\" width=\"800\" height=\"534\" src=\"https:\/\/guapimirim.rj.gov.br\/novosite\/wp-content\/uploads\/2025\/08\/festival13-1024x683.jpg\" class=\"attachment-large size-large\" alt=\"\" srcset=\"https:\/\/guapimirim.rj.gov.br\/novosite\/wp-content\/uploads\/2025\/08\/festival13-1024x683.jpg 1024w, https:\/\/guapimirim.rj.gov.br\/novosite\/wp-content\/uploads\/2025\/08\/festival13-300x200.jpg 300w, https:\/\/guapimirim.rj.gov.br\/novosite\/wp-content\/uploads\/2025\/08\/festival13-768x512.jpg 768w, https:\/\/guapimirim.rj.gov.br\/novosite\/wp-content\/uploads\/2025\/08\/festival13.jpg 1500w\" sizes=\"(max-width: 800px) 100vw, 800px\" \/><\/a>\n\t\t\t<\/div><\/figure><figure class='gallery-item'>\n\t\t\t<div class='gallery-icon landscape'>\n\t\t\t\t<a href='https:\/\/guapimirim.rj.gov.br\/novosite\/wp-content\/uploads\/2025\/08\/festival12.jpg'><img loading=\"lazy\" decoding=\"async\" width=\"800\" height=\"534\" src=\"https:\/\/guapimirim.rj.gov.br\/novosite\/wp-content\/uploads\/2025\/08\/festival12-1024x683.jpg\" class=\"attachment-large size-large\" alt=\"\" srcset=\"https:\/\/guapimirim.rj.gov.br\/novosite\/wp-content\/uploads\/2025\/08\/festival12-1024x683.jpg 1024w, https:\/\/guapimirim.rj.gov.br\/novosite\/wp-content\/uploads\/2025\/08\/festival12-300x200.jpg 300w, https:\/\/guapimirim.rj.gov.br\/novosite\/wp-content\/uploads\/2025\/08\/festival12-768x512.jpg 768w, https:\/\/guapimirim.rj.gov.br\/novosite\/wp-content\/uploads\/2025\/08\/festival12.jpg 1500w\" sizes=\"(max-width: 800px) 100vw, 800px\" \/><\/a>\n\t\t\t<\/div><\/figure><figure class='gallery-item'>\n\t\t\t<div class='gallery-icon landscape'>\n\t\t\t\t<a href='https:\/\/guapimirim.rj.gov.br\/novosite\/wp-content\/uploads\/2025\/08\/festival11.jpg'><img loading=\"lazy\" decoding=\"async\" width=\"800\" height=\"534\" src=\"https:\/\/guapimirim.rj.gov.br\/novosite\/wp-content\/uploads\/2025\/08\/festival11-1024x683.jpg\" class=\"attachment-large size-large\" alt=\"\" srcset=\"https:\/\/guapimirim.rj.gov.br\/novosite\/wp-content\/uploads\/2025\/08\/festival11-1024x683.jpg 1024w, https:\/\/guapimirim.rj.gov.br\/novosite\/wp-content\/uploads\/2025\/08\/festival11-300x200.jpg 300w, https:\/\/guapimirim.rj.gov.br\/novosite\/wp-content\/uploads\/2025\/08\/festival11-768x512.jpg 768w, https:\/\/guapimirim.rj.gov.br\/novosite\/wp-content\/uploads\/2025\/08\/festival11.jpg 1500w\" sizes=\"(max-width: 800px) 100vw, 800px\" \/><\/a>\n\t\t\t<\/div><\/figure><figure class='gallery-item'>\n\t\t\t<div class='gallery-icon landscape'>\n\t\t\t\t<a href='https:\/\/guapimirim.rj.gov.br\/novosite\/wp-content\/uploads\/2025\/08\/festival10.jpg'><img loading=\"lazy\" decoding=\"async\" width=\"800\" height=\"534\" src=\"https:\/\/guapimirim.rj.gov.br\/novosite\/wp-content\/uploads\/2025\/08\/festival10-1024x683.jpg\" class=\"attachment-large size-large\" alt=\"\" srcset=\"https:\/\/guapimirim.rj.gov.br\/novosite\/wp-content\/uploads\/2025\/08\/festival10-1024x683.jpg 1024w, https:\/\/guapimirim.rj.gov.br\/novosite\/wp-content\/uploads\/2025\/08\/festival10-300x200.jpg 300w, https:\/\/guapimirim.rj.gov.br\/novosite\/wp-content\/uploads\/2025\/08\/festival10-768x512.jpg 768w, https:\/\/guapimirim.rj.gov.br\/novosite\/wp-content\/uploads\/2025\/08\/festival10.jpg 1500w\" sizes=\"(max-width: 800px) 100vw, 800px\" \/><\/a>\n\t\t\t<\/div><\/figure><figure class='gallery-item'>\n\t\t\t<div class='gallery-icon landscape'>\n\t\t\t\t<a href='https:\/\/guapimirim.rj.gov.br\/novosite\/wp-content\/uploads\/2025\/08\/festival9.jpg'><img loading=\"lazy\" decoding=\"async\" width=\"800\" height=\"534\" src=\"https:\/\/guapimirim.rj.gov.br\/novosite\/wp-content\/uploads\/2025\/08\/festival9-1024x683.jpg\" class=\"attachment-large size-large\" alt=\"\" srcset=\"https:\/\/guapimirim.rj.gov.br\/novosite\/wp-content\/uploads\/2025\/08\/festival9-1024x683.jpg 1024w, https:\/\/guapimirim.rj.gov.br\/novosite\/wp-content\/uploads\/2025\/08\/festival9-300x200.jpg 300w, https:\/\/guapimirim.rj.gov.br\/novosite\/wp-content\/uploads\/2025\/08\/festival9-768x512.jpg 768w, https:\/\/guapimirim.rj.gov.br\/novosite\/wp-content\/uploads\/2025\/08\/festival9.jpg 1500w\" sizes=\"(max-width: 800px) 100vw, 800px\" \/><\/a>\n\t\t\t<\/div><\/figure><figure class='gallery-item'>\n\t\t\t<div class='gallery-icon landscape'>\n\t\t\t\t<a href='https:\/\/guapimirim.rj.gov.br\/novosite\/wp-content\/uploads\/2025\/08\/festival8.jpg'><img loading=\"lazy\" decoding=\"async\" width=\"800\" height=\"534\" src=\"https:\/\/guapimirim.rj.gov.br\/novosite\/wp-content\/uploads\/2025\/08\/festival8-1024x683.jpg\" class=\"attachment-large size-large\" alt=\"\" srcset=\"https:\/\/guapimirim.rj.gov.br\/novosite\/wp-content\/uploads\/2025\/08\/festival8-1024x683.jpg 1024w, https:\/\/guapimirim.rj.gov.br\/novosite\/wp-content\/uploads\/2025\/08\/festival8-300x200.jpg 300w, https:\/\/guapimirim.rj.gov.br\/novosite\/wp-content\/uploads\/2025\/08\/festival8-768x512.jpg 768w, https:\/\/guapimirim.rj.gov.br\/novosite\/wp-content\/uploads\/2025\/08\/festival8.jpg 1500w\" sizes=\"(max-width: 800px) 100vw, 800px\" \/><\/a>\n\t\t\t<\/div><\/figure><figure class='gallery-item'>\n\t\t\t<div class='gallery-icon landscape'>\n\t\t\t\t<a href='https:\/\/guapimirim.rj.gov.br\/novosite\/wp-content\/uploads\/2025\/08\/festival7.jpg'><img loading=\"lazy\" decoding=\"async\" width=\"800\" height=\"534\" src=\"https:\/\/guapimirim.rj.gov.br\/novosite\/wp-content\/uploads\/2025\/08\/festival7-1024x683.jpg\" class=\"attachment-large size-large\" alt=\"\" srcset=\"https:\/\/guapimirim.rj.gov.br\/novosite\/wp-content\/uploads\/2025\/08\/festival7-1024x683.jpg 1024w, https:\/\/guapimirim.rj.gov.br\/novosite\/wp-content\/uploads\/2025\/08\/festival7-300x200.jpg 300w, https:\/\/guapimirim.rj.gov.br\/novosite\/wp-content\/uploads\/2025\/08\/festival7-768x512.jpg 768w, https:\/\/guapimirim.rj.gov.br\/novosite\/wp-content\/uploads\/2025\/08\/festival7-1536x1024.jpg 1536w, https:\/\/guapimirim.rj.gov.br\/novosite\/wp-content\/uploads\/2025\/08\/festival7.jpg 1800w\" sizes=\"(max-width: 800px) 100vw, 800px\" \/><\/a>\n\t\t\t<\/div><\/figure><figure class='gallery-item'>\n\t\t\t<div class='gallery-icon landscape'>\n\t\t\t\t<a href='https:\/\/guapimirim.rj.gov.br\/novosite\/wp-content\/uploads\/2025\/08\/festival6.jpg'><img loading=\"lazy\" decoding=\"async\" width=\"800\" height=\"534\" src=\"https:\/\/guapimirim.rj.gov.br\/novosite\/wp-content\/uploads\/2025\/08\/festival6-1024x683.jpg\" class=\"attachment-large size-large\" alt=\"\" srcset=\"https:\/\/guapimirim.rj.gov.br\/novosite\/wp-content\/uploads\/2025\/08\/festival6-1024x683.jpg 1024w, https:\/\/guapimirim.rj.gov.br\/novosite\/wp-content\/uploads\/2025\/08\/festival6-300x200.jpg 300w, https:\/\/guapimirim.rj.gov.br\/novosite\/wp-content\/uploads\/2025\/08\/festival6-768x512.jpg 768w, https:\/\/guapimirim.rj.gov.br\/novosite\/wp-content\/uploads\/2025\/08\/festival6-1536x1024.jpg 1536w, https:\/\/guapimirim.rj.gov.br\/novosite\/wp-content\/uploads\/2025\/08\/festival6.jpg 1800w\" sizes=\"(max-width: 800px) 100vw, 800px\" \/><\/a>\n\t\t\t<\/div><\/figure><figure class='gallery-item'>\n\t\t\t<div class='gallery-icon landscape'>\n\t\t\t\t<a href='https:\/\/guapimirim.rj.gov.br\/novosite\/wp-content\/uploads\/2025\/08\/festival5.jpg'><img loading=\"lazy\" decoding=\"async\" width=\"800\" height=\"534\" src=\"https:\/\/guapimirim.rj.gov.br\/novosite\/wp-content\/uploads\/2025\/08\/festival5-1024x683.jpg\" class=\"attachment-large size-large\" alt=\"\" srcset=\"https:\/\/guapimirim.rj.gov.br\/novosite\/wp-content\/uploads\/2025\/08\/festival5-1024x683.jpg 1024w, https:\/\/guapimirim.rj.gov.br\/novosite\/wp-content\/uploads\/2025\/08\/festival5-300x200.jpg 300w, https:\/\/guapimirim.rj.gov.br\/novosite\/wp-content\/uploads\/2025\/08\/festival5-768x512.jpg 768w, https:\/\/guapimirim.rj.gov.br\/novosite\/wp-content\/uploads\/2025\/08\/festival5-1536x1024.jpg 1536w, https:\/\/guapimirim.rj.gov.br\/novosite\/wp-content\/uploads\/2025\/08\/festival5.jpg 1800w\" sizes=\"(max-width: 800px) 100vw, 800px\" \/><\/a>\n\t\t\t<\/div><\/figure><figure class='gallery-item'>\n\t\t\t<div class='gallery-icon landscape'>\n\t\t\t\t<a href='https:\/\/guapimirim.rj.gov.br\/novosite\/wp-content\/uploads\/2025\/08\/festival4.jpg'><img loading=\"lazy\" decoding=\"async\" width=\"800\" height=\"534\" src=\"https:\/\/guapimirim.rj.gov.br\/novosite\/wp-content\/uploads\/2025\/08\/festival4-1024x683.jpg\" class=\"attachment-large size-large\" alt=\"\" srcset=\"https:\/\/guapimirim.rj.gov.br\/novosite\/wp-content\/uploads\/2025\/08\/festival4-1024x683.jpg 1024w, https:\/\/guapimirim.rj.gov.br\/novosite\/wp-content\/uploads\/2025\/08\/festival4-300x200.jpg 300w, https:\/\/guapimirim.rj.gov.br\/novosite\/wp-content\/uploads\/2025\/08\/festival4-768x512.jpg 768w, https:\/\/guapimirim.rj.gov.br\/novosite\/wp-content\/uploads\/2025\/08\/festival4-1536x1024.jpg 1536w, https:\/\/guapimirim.rj.gov.br\/novosite\/wp-content\/uploads\/2025\/08\/festival4.jpg 1800w\" sizes=\"(max-width: 800px) 100vw, 800px\" \/><\/a>\n\t\t\t<\/div><\/figure><figure class='gallery-item'>\n\t\t\t<div class='gallery-icon landscape'>\n\t\t\t\t<a href='https:\/\/guapimirim.rj.gov.br\/novosite\/wp-content\/uploads\/2025\/08\/festival2.jpg'><img loading=\"lazy\" decoding=\"async\" width=\"800\" height=\"534\" src=\"https:\/\/guapimirim.rj.gov.br\/novosite\/wp-content\/uploads\/2025\/08\/festival2-1024x683.jpg\" class=\"attachment-large size-large\" alt=\"\" srcset=\"https:\/\/guapimirim.rj.gov.br\/novosite\/wp-content\/uploads\/2025\/08\/festival2-1024x683.jpg 1024w, https:\/\/guapimirim.rj.gov.br\/novosite\/wp-content\/uploads\/2025\/08\/festival2-300x200.jpg 300w, https:\/\/guapimirim.rj.gov.br\/novosite\/wp-content\/uploads\/2025\/08\/festival2-768x512.jpg 768w, https:\/\/guapimirim.rj.gov.br\/novosite\/wp-content\/uploads\/2025\/08\/festival2-1536x1024.jpg 1536w, https:\/\/guapimirim.rj.gov.br\/novosite\/wp-content\/uploads\/2025\/08\/festival2.jpg 1800w\" sizes=\"(max-width: 800px) 100vw, 800px\" \/><\/a>\n\t\t\t<\/div><\/figure><figure class='gallery-item'>\n\t\t\t<div class='gallery-icon landscape'>\n\t\t\t\t<a href='https:\/\/guapimirim.rj.gov.br\/novosite\/wp-content\/uploads\/2025\/08\/festival1.jpg'><img loading=\"lazy\" decoding=\"async\" width=\"800\" height=\"534\" src=\"https:\/\/guapimirim.rj.gov.br\/novosite\/wp-content\/uploads\/2025\/08\/festival1-1024x683.jpg\" class=\"attachment-large size-large\" alt=\"\" srcset=\"https:\/\/guapimirim.rj.gov.br\/novosite\/wp-content\/uploads\/2025\/08\/festival1-1024x683.jpg 1024w, https:\/\/guapimirim.rj.gov.br\/novosite\/wp-content\/uploads\/2025\/08\/festival1-300x200.jpg 300w, https:\/\/guapimirim.rj.gov.br\/novosite\/wp-content\/uploads\/2025\/08\/festival1-768x512.jpg 768w, https:\/\/guapimirim.rj.gov.br\/novosite\/wp-content\/uploads\/2025\/08\/festival1-1536x1024.jpg 1536w, https:\/\/guapimirim.rj.gov.br\/novosite\/wp-content\/uploads\/2025\/08\/festival1.jpg 1800w\" sizes=\"(max-width: 800px) 100vw, 800px\" \/><\/a>\n\t\t\t<\/div><\/figure>\n\t\t<\/div>\n\n<p data-start=\"557\" data-end=\"767\">O festival prestou uma homenagem especial ao compositor\u00a0<strong data-start=\"613\" data-end=\"628\">Mauro Motta<\/strong>, reconhecido por sua contribui\u00e7\u00e3o \u00e0 m\u00fasica brasileira, refor\u00e7ando o compromisso do evento com a valoriza\u00e7\u00e3o de grandes nomes da cultura, em especial a este que escolheu Guapimirim como sua cidade do cora\u00e7\u00e3o.<\/p>\n<p data-start=\"769\" data-end=\"1063\">Entre as atra\u00e7\u00f5es musicais, nomes de peso passaram pelo palco montado na\u00a0<strong data-start=\"842\" data-end=\"863\">Pra\u00e7a Paulo Terra<\/strong>, que ficou completamente lotada para receber shows de artistas consagrados como\u00a0<strong data-start=\"944\" data-end=\"1016\">Walesca Maissa, Os Garotin, Ana Carolina e Ra\u00e7a Negra<\/strong>, garantindo noites inesquec\u00edveis ao p\u00fablico.<\/p>\n<p data-start=\"1065\" data-end=\"1278\">O evento foi promovido pela\u00a0<strong data-start=\"1093\" data-end=\"1118\">Secretaria de Turismo<\/strong>, em parceria com a\u00a0<strong data-start=\"1138\" data-end=\"1166\">Prefeitura de Guapimirim<\/strong>, consolidando o Festival de Inverno como um dos principais acontecimentos culturais do munic\u00edpio e da regi\u00e3o.<\/p>\n","protected":false},"excerpt":{"rendered":"<p>Guapimirim viveu 11 dias de arte, m\u00fasica e gastronomia durante o\u00a07\u00ba Festival de Inverno, que movimentou a cidade e reuniu moradores e visitantes em uma verdadeira celebra\u00e7\u00e3o cultural. A edi\u00e7\u00e3o deste ano trouxe uma programa\u00e7\u00e3o diversificada, com apresenta\u00e7\u00f5es de\u00a0m\u00fasica, teatro, dan\u00e7a, al\u00e9m de espa\u00e7os dedicados \u00e0\u00a0gastronomia local e ao artesanato, valorizando os talentos da regi\u00e3o. [&hellip;]<\/p>\n","protected":false},"author":1,"featured_media":1811,"comment_status":"open","ping_status":"open","sticky":false,"template":"","format":"standard","meta":{"footnotes":""},"categories":[33,27],"tags":[],"class_list":["post-1781","post","type-post","status-publish","format-standard","has-post-thumbnail","hentry","category-destaque","category-turismo"],"_links":{"self":[{"href":"https:\/\/guapimirim.rj.gov.br\/novosite\/wp-json\/wp\/v2\/posts\/1781","targetHints":{"allow":["GET"]}}],"collection":[{"href":"https:\/\/guapimirim.rj.gov.br\/novosite\/wp-json\/wp\/v2\/posts"}],"about":[{"href":"https:\/\/guapimirim.rj.gov.br\/novosite\/wp-json\/wp\/v2\/types\/post"}],"author":[{"embeddable":true,"href":"https:\/\/guapimirim.rj.gov.br\/novosite\/wp-json\/wp\/v2\/users\/1"}],"replies":[{"embeddable":true,"href":"https:\/\/guapimirim.rj.gov.br\/novosite\/wp-json\/wp\/v2\/comments?post=1781"}],"version-history":[{"count":1,"href":"https:\/\/guapimirim.rj.gov.br\/novosite\/wp-json\/wp\/v2\/posts\/1781\/revisions"}],"predecessor-version":[{"id":1812,"href":"https:\/\/guapimirim.rj.gov.br\/novosite\/wp-json\/wp\/v2\/posts\/1781\/revisions\/1812"}],"wp:featuredmedia":[{"embeddable":true,"href":"https:\/\/guapimirim.rj.gov.br\/novosite\/wp-json\/wp\/v2\/media\/1811"}],"wp:attachment":[{"href":"https:\/\/guapimirim.rj.gov.br\/novosite\/wp-json\/wp\/v2\/media?parent=1781"}],"wp:term":[{"taxonomy":"category","embeddable":true,"href":"https:\/\/guapimirim.rj.gov.br\/novosite\/wp-json\/wp\/v2\/categories?post=1781"},{"taxonomy":"post_tag","embeddable":true,"href":"https:\/\/guapimirim.rj.gov.br\/novosite\/wp-json\/wp\/v2\/tags?post=1781"}],"curies":[{"name":"wp","href":"https:\/\/api.w.org\/{rel}","templated":true}]}}