{"id":1426,"date":"2025-07-22T14:41:15","date_gmt":"2025-07-22T17:41:15","guid":{"rendered":"https:\/\/guapimirim.rj.gov.br\/novosite\/?p=1426"},"modified":"2025-07-22T14:41:15","modified_gmt":"2025-07-22T17:41:15","slug":"guapimirim-realiza-o-teacolher-um-dia-exclusivo-de-atendimento-para-pessoas-com-deficiencia-e-autismo","status":"publish","type":"post","link":"https:\/\/guapimirim.rj.gov.br\/novosite\/guapimirim-realiza-o-teacolher-um-dia-exclusivo-de-atendimento-para-pessoas-com-deficiencia-e-autismo\/","title":{"rendered":"Guapimirim realiza o Teacolher. Um dia exclusivo de atendimento para pessoas com defici\u00eancia e autismo"},"content":{"rendered":"<p>A Prefeitura Municipal de Guapimirim promove pelo terceiro ano o TEAcolher, um evento dedicado exclusivamente ao atendimento de pessoas com defici\u00eancia e autismo, fortalecendo o compromisso com a inclus\u00e3o e o cuidado integral.<\/p>\n<p>Durante todo o dia, o p\u00fablico-alvo tem acesso gratuito a uma s\u00e9rie de servi\u00e7os essenciais, como emiss\u00e3o de documentos (carteira de identidade diferenciada, cart\u00e3o de estacionamento PCD, Vale Social, Cad\u00danico), vacina\u00e7\u00e3o, atendimentos com oftalmologista e dentista, al\u00e9m de orienta\u00e7\u00e3o jur\u00eddica.<\/p>\n<p>Um dos diferenciais do TEAcolher \u00e9 a escuta ativa oferecida \u00e0s fam\u00edlias e aos usu\u00e1rios diretamente pelo poder p\u00fablico, criando um espa\u00e7o de di\u00e1logo e acolhimento. Paralelamente, o evento proporciona atividades recreativas que garantem momentos de lazer e integra\u00e7\u00e3o para crian\u00e7as, jovens e adultos. Mais que uma a\u00e7\u00e3o social, o TEAcolher \u00e9 uma demonstra\u00e7\u00e3o concreta de que pol\u00edticas p\u00fablicas acess\u00edveis e humanizadas s\u00e3o poss\u00edveis quando h\u00e1 sensibilidade, planejamento e vontade pol\u00edtica.<\/p>\n","protected":false},"excerpt":{"rendered":"<p>A Prefeitura Municipal de Guapimirim promove pelo terceiro ano o TEAcolher, um evento dedicado exclusivamente ao atendimento de pessoas com defici\u00eancia e autismo, fortalecendo o compromisso com a inclus\u00e3o e o cuidado integral. Durante todo o dia, o p\u00fablico-alvo tem acesso gratuito a uma s\u00e9rie de servi\u00e7os essenciais, como emiss\u00e3o de documentos (carteira de identidade [&hellip;]<\/p>\n","protected":false},"author":1,"featured_media":1427,"comment_status":"open","ping_status":"open","sticky":false,"template":"","format":"standard","meta":{"footnotes":""},"categories":[37,33,38,29],"tags":[],"class_list":["post-1426","post","type-post","status-publish","format-standard","has-post-thumbnail","hentry","category-assistencia-social","category-destaque","category-gabinete-da-prefeita","category-saude"],"_links":{"self":[{"href":"https:\/\/guapimirim.rj.gov.br\/novosite\/wp-json\/wp\/v2\/posts\/1426","targetHints":{"allow":["GET"]}}],"collection":[{"href":"https:\/\/guapimirim.rj.gov.br\/novosite\/wp-json\/wp\/v2\/posts"}],"about":[{"href":"https:\/\/guapimirim.rj.gov.br\/novosite\/wp-json\/wp\/v2\/types\/post"}],"author":[{"embeddable":true,"href":"https:\/\/guapimirim.rj.gov.br\/novosite\/wp-json\/wp\/v2\/users\/1"}],"replies":[{"embeddable":true,"href":"https:\/\/guapimirim.rj.gov.br\/novosite\/wp-json\/wp\/v2\/comments?post=1426"}],"version-history":[{"count":1,"href":"https:\/\/guapimirim.rj.gov.br\/novosite\/wp-json\/wp\/v2\/posts\/1426\/revisions"}],"predecessor-version":[{"id":1428,"href":"https:\/\/guapimirim.rj.gov.br\/novosite\/wp-json\/wp\/v2\/posts\/1426\/revisions\/1428"}],"wp:featuredmedia":[{"embeddable":true,"href":"https:\/\/guapimirim.rj.gov.br\/novosite\/wp-json\/wp\/v2\/media\/1427"}],"wp:attachment":[{"href":"https:\/\/guapimirim.rj.gov.br\/novosite\/wp-json\/wp\/v2\/media?parent=1426"}],"wp:term":[{"taxonomy":"category","embeddable":true,"href":"https:\/\/guapimirim.rj.gov.br\/novosite\/wp-json\/wp\/v2\/categories?post=1426"},{"taxonomy":"post_tag","embeddable":true,"href":"https:\/\/guapimirim.rj.gov.br\/novosite\/wp-json\/wp\/v2\/tags?post=1426"}],"curies":[{"name":"wp","href":"https:\/\/api.w.org\/{rel}","templated":true}]}}