{"id":1423,"date":"2025-07-22T10:30:10","date_gmt":"2025-07-22T13:30:10","guid":{"rendered":"https:\/\/guapimirim.rj.gov.br\/novosite\/?p=1423"},"modified":"2025-07-22T10:32:51","modified_gmt":"2025-07-22T13:32:51","slug":"consulta-publica-define-futuro-dos-investimentos-culturais-em-guapimirim","status":"publish","type":"post","link":"https:\/\/guapimirim.rj.gov.br\/novosite\/consulta-publica-define-futuro-dos-investimentos-culturais-em-guapimirim\/","title":{"rendered":"Consulta P\u00fablica define futuro dos investimentos culturais em Guapimirim"},"content":{"rendered":"<p data-start=\"78\" data-end=\"447\">A cidade de Guapimirim abriu oficialmente, nesta segunda-feira (21), a\u00a0<strong data-start=\"149\" data-end=\"176\">Consulta P\u00fablica Online<\/strong>\u00a0para a constru\u00e7\u00e3o do\u00a0<strong data-start=\"198\" data-end=\"249\">Plano de Aplica\u00e7\u00e3o dos Recursos (PAR \u2013 Ciclo 2)<\/strong>\u00a0da\u00a0<strong data-start=\"253\" data-end=\"293\">Pol\u00edtica Nacional Aldir Blanc (PNAB)<\/strong>. A iniciativa \u00e9 voltada \u00e0 participa\u00e7\u00e3o da sociedade civil, especialmente dos\u00a0<strong data-start=\"371\" data-end=\"395\">fazedores de cultura<\/strong>, coletivos, grupos e institui\u00e7\u00f5es culturais locais.<\/p>\n<p data-start=\"449\" data-end=\"808\">Com vig\u00eancia at\u00e9 o dia\u00a0<strong data-start=\"472\" data-end=\"496\">07 de agosto de 2025<\/strong>, o processo participativo visa colher sugest\u00f5es e opini\u00f5es sobre como os recursos federais devem ser aplicados no munic\u00edpio. Guapimirim receber\u00e1 o valor de\u00a0<strong data-start=\"653\" data-end=\"672\">R$ 1.563.399,56<\/strong>, que ser\u00e1 destinado \u00e0 promo\u00e7\u00e3o da cultura local por meio de\u00a0<strong data-start=\"733\" data-end=\"807\">editais, chamadas p\u00fablicas, pr\u00eamios e outras formas de sele\u00e7\u00e3o p\u00fablica<\/strong>.<\/p>\n<p data-start=\"810\" data-end=\"1183\">Al\u00e9m da plataforma digital, o debate tamb\u00e9m contar\u00e1 com uma\u00a0<strong data-start=\"870\" data-end=\"892\">reuni\u00e3o presencial<\/strong>\u00a0com a Secretaria Municipal de Cultura, marcada para o dia\u00a0<strong data-start=\"951\" data-end=\"992\">17 de agosto (s\u00e1bado), das 10h \u00e0s 12h<\/strong>, no\u00a0<strong data-start=\"997\" data-end=\"1024\">Audit\u00f3rio da Prefeitura<\/strong>. O encontro ser\u00e1 mais uma oportunidade para que artistas, produtores culturais e representantes da sociedade discutam diretamente as prioridades para o setor.<\/p>\n<blockquote data-start=\"1185\" data-end=\"1400\">\n<p data-start=\"1187\" data-end=\"1400\"><em>\u201c\u00c9 fundamental que os recursos da cultura sejam aplicados com base nas reais necessidades da nossa cidade. E isso s\u00f3 \u00e9 poss\u00edvel com a escuta e o envolvimento direto da popula\u00e7\u00e3o\u201d<\/em>, destacou a Secretaria de Cultura.<\/p>\n<\/blockquote>\n<p data-start=\"1402\" data-end=\"1508\">A consulta pode ser acessada atrav\u00e9s do link:\u00a0<strong data-start=\"1448\" data-end=\"1507\"><a class=\"\" href=\"http:\/\/bit.ly\/Pnab-Guapimirim\" target=\"_new\" rel=\"noopener\" data-start=\"1450\" data-end=\"1505\">bit.ly\/Pnab-Guapimirim<\/a><\/strong>.<\/p>\n<p data-start=\"1510\" data-end=\"1724\">A\u00a0<strong data-start=\"1512\" data-end=\"1520\">PNAB<\/strong>\u00a0tem como objetivo descentralizar os investimentos em cultura e garantir que os munic\u00edpios tenham autonomia para definir, com participa\u00e7\u00e3o social, as formas de fomento que melhor atendam seus territ\u00f3rios.<\/p>\n<p data-start=\"1726\" data-end=\"1864\">A Prefeitura refor\u00e7a o convite para que todos os interessados participem do processo. A cultura \u00e9 um direito, e sua constru\u00e7\u00e3o \u00e9 coletiva.<\/p>\n","protected":false},"excerpt":{"rendered":"<p>A cidade de Guapimirim abriu oficialmente, nesta segunda-feira (21), a\u00a0Consulta P\u00fablica Online\u00a0para a constru\u00e7\u00e3o do\u00a0Plano de Aplica\u00e7\u00e3o dos Recursos (PAR \u2013 Ciclo 2)\u00a0da\u00a0Pol\u00edtica Nacional Aldir Blanc (PNAB). A iniciativa \u00e9 voltada \u00e0 participa\u00e7\u00e3o da sociedade civil, especialmente dos\u00a0fazedores de cultura, coletivos, grupos e institui\u00e7\u00f5es culturais locais. Com vig\u00eancia at\u00e9 o dia\u00a007 de agosto de 2025, [&hellip;]<\/p>\n","protected":false},"author":1,"featured_media":1425,"comment_status":"open","ping_status":"open","sticky":false,"template":"","format":"standard","meta":{"footnotes":""},"categories":[36,33],"tags":[],"class_list":["post-1423","post","type-post","status-publish","format-standard","has-post-thumbnail","hentry","category-cultura","category-destaque"],"_links":{"self":[{"href":"https:\/\/guapimirim.rj.gov.br\/novosite\/wp-json\/wp\/v2\/posts\/1423","targetHints":{"allow":["GET"]}}],"collection":[{"href":"https:\/\/guapimirim.rj.gov.br\/novosite\/wp-json\/wp\/v2\/posts"}],"about":[{"href":"https:\/\/guapimirim.rj.gov.br\/novosite\/wp-json\/wp\/v2\/types\/post"}],"author":[{"embeddable":true,"href":"https:\/\/guapimirim.rj.gov.br\/novosite\/wp-json\/wp\/v2\/users\/1"}],"replies":[{"embeddable":true,"href":"https:\/\/guapimirim.rj.gov.br\/novosite\/wp-json\/wp\/v2\/comments?post=1423"}],"version-history":[{"count":1,"href":"https:\/\/guapimirim.rj.gov.br\/novosite\/wp-json\/wp\/v2\/posts\/1423\/revisions"}],"predecessor-version":[{"id":1424,"href":"https:\/\/guapimirim.rj.gov.br\/novosite\/wp-json\/wp\/v2\/posts\/1423\/revisions\/1424"}],"wp:featuredmedia":[{"embeddable":true,"href":"https:\/\/guapimirim.rj.gov.br\/novosite\/wp-json\/wp\/v2\/media\/1425"}],"wp:attachment":[{"href":"https:\/\/guapimirim.rj.gov.br\/novosite\/wp-json\/wp\/v2\/media?parent=1423"}],"wp:term":[{"taxonomy":"category","embeddable":true,"href":"https:\/\/guapimirim.rj.gov.br\/novosite\/wp-json\/wp\/v2\/categories?post=1423"},{"taxonomy":"post_tag","embeddable":true,"href":"https:\/\/guapimirim.rj.gov.br\/novosite\/wp-json\/wp\/v2\/tags?post=1423"}],"curies":[{"name":"wp","href":"https:\/\/api.w.org\/{rel}","templated":true}]}}