{"id":1327,"date":"2025-07-18T18:44:55","date_gmt":"2025-07-18T21:44:55","guid":{"rendered":"https:\/\/guapimirim.rj.gov.br\/novosite\/?p=1327"},"modified":"2025-07-18T18:47:49","modified_gmt":"2025-07-18T21:47:49","slug":"guapimirim-lanca-pacote-de-obras-para-urbanizacao-do-vale-das-pedrinhas-em-parceria-com-o-governo-do-estado","status":"publish","type":"post","link":"https:\/\/guapimirim.rj.gov.br\/novosite\/guapimirim-lanca-pacote-de-obras-para-urbanizacao-do-vale-das-pedrinhas-em-parceria-com-o-governo-do-estado\/","title":{"rendered":"Guapimirim Lan\u00e7a Pacote de Obras para Urbaniza\u00e7\u00e3o do Vale das Pedrinhas em Parceria com o Governo do Estado"},"content":{"rendered":"<p data-start=\"113\" data-end=\"490\">Na \u00faltima quinta-feira (17), o munic\u00edpio de Guapimirim deu um passo importante rumo ao desenvolvimento urbano com o lan\u00e7amento oficial de um pacote de obras para o bairro Vale das Pedrinhas. A iniciativa, realizada em parceria com o Governo do Estado do Rio de Janeiro, prev\u00ea um investimento superior a R$ 50 milh\u00f5es, voltado para a transforma\u00e7\u00e3o da infraestrutura da regi\u00e3o.<\/p>\n<p data-start=\"492\" data-end=\"738\">O projeto beneficiar\u00e1 diretamente a localidade do Curral de Zinco, que receber\u00e1 interven\u00e7\u00f5es como pavimenta\u00e7\u00e3o asf\u00e1ltica, implanta\u00e7\u00e3o de rede de \u00e1gua, constru\u00e7\u00e3o de cal\u00e7adas e instala\u00e7\u00e3o de ilumina\u00e7\u00e3o p\u00fablica.<\/p>\n<p data-start=\"740\" data-end=\"1074\">O evento de lan\u00e7amento aconteceu no campo do Curral de Zinco e contou com a presen\u00e7a do governador Cl\u00e1udio Castro, da prefeita de Guapimirim, Marina Rocha, do vice-prefeito Natal\u00edcio da Farm\u00e1cia, do deputado estadual J\u00falio Rocha e de dezenas de moradores que celebraram o an\u00fancio das melhorias que v\u00e3o mudar a realidade da comunidade.<\/p>\n<p data-start=\"1076\" data-end=\"1392\">Durante o evento, a prefeita Marina destacou a import\u00e2ncia da parceria com o governo estadual:<br data-start=\"1170\" data-end=\"1173\" \/><em data-start=\"1173\" data-end=\"1382\">&#8220;Estamos muito felizes em anunciar esse grande investimento, que vai transformar a vida de muitas fam\u00edlias. \u00c9 uma conquista fruto do di\u00e1logo e da uni\u00e3o de esfor\u00e7os entre a prefeitura, o Estado e a popula\u00e7\u00e3o&#8221;<\/em>, afirmou.<\/p>\n<p data-start=\"1394\" data-end=\"1678\">O governador Cl\u00e1udio Castro tamb\u00e9m ressaltou o compromisso do Estado com o desenvolvimento dos munic\u00edpios fluminenses:<br data-start=\"1512\" data-end=\"1515\" \/><em data-start=\"1515\" data-end=\"1677\">&#8220;Nosso objetivo \u00e9 levar dignidade e qualidade de vida para as pessoas. Investir em urbaniza\u00e7\u00e3o \u00e9 investir em sa\u00fade, seguran\u00e7a e desenvolvimento econ\u00f4mico local&#8221;<\/em>.<\/p>\n<p data-start=\"1680\" data-end=\"1939\">As obras no Curral de Zinco fazem parte de um conjunto de a\u00e7\u00f5es mais amplo que busca melhorar a infraestrutura urbana de bairros com hist\u00f3rico de car\u00eancia em servi\u00e7os p\u00fablicos essenciais. A expectativa \u00e9 que as interven\u00e7\u00f5es tenham in\u00edcio nas pr\u00f3ximas semanas.<\/p>\n<p data-start=\"1941\" data-end=\"2116\" data-is-last-node=\"\" data-is-only-node=\"\">A comunidade, por sua vez, recebeu o an\u00fancio com entusiasmo e esperan\u00e7a. Para os moradores, trata-se de uma conquista aguardada h\u00e1 d\u00e9cadas e que agora come\u00e7a a se concretizar.<\/p>\n","protected":false},"excerpt":{"rendered":"<p>Na \u00faltima quinta-feira (17), o munic\u00edpio de Guapimirim deu um passo importante rumo ao desenvolvimento urbano com o lan\u00e7amento oficial de um pacote de obras para o bairro Vale das Pedrinhas. A iniciativa, realizada em parceria com o Governo do Estado do Rio de Janeiro, prev\u00ea um investimento superior a R$ 50 milh\u00f5es, voltado para [&hellip;]<\/p>\n","protected":false},"author":1,"featured_media":1328,"comment_status":"open","ping_status":"open","sticky":false,"template":"","format":"standard","meta":{"footnotes":""},"categories":[33,34],"tags":[],"class_list":["post-1327","post","type-post","status-publish","format-standard","has-post-thumbnail","hentry","category-destaque","category-infraestrutura"],"_links":{"self":[{"href":"https:\/\/guapimirim.rj.gov.br\/novosite\/wp-json\/wp\/v2\/posts\/1327","targetHints":{"allow":["GET"]}}],"collection":[{"href":"https:\/\/guapimirim.rj.gov.br\/novosite\/wp-json\/wp\/v2\/posts"}],"about":[{"href":"https:\/\/guapimirim.rj.gov.br\/novosite\/wp-json\/wp\/v2\/types\/post"}],"author":[{"embeddable":true,"href":"https:\/\/guapimirim.rj.gov.br\/novosite\/wp-json\/wp\/v2\/users\/1"}],"replies":[{"embeddable":true,"href":"https:\/\/guapimirim.rj.gov.br\/novosite\/wp-json\/wp\/v2\/comments?post=1327"}],"version-history":[{"count":1,"href":"https:\/\/guapimirim.rj.gov.br\/novosite\/wp-json\/wp\/v2\/posts\/1327\/revisions"}],"predecessor-version":[{"id":1329,"href":"https:\/\/guapimirim.rj.gov.br\/novosite\/wp-json\/wp\/v2\/posts\/1327\/revisions\/1329"}],"wp:featuredmedia":[{"embeddable":true,"href":"https:\/\/guapimirim.rj.gov.br\/novosite\/wp-json\/wp\/v2\/media\/1328"}],"wp:attachment":[{"href":"https:\/\/guapimirim.rj.gov.br\/novosite\/wp-json\/wp\/v2\/media?parent=1327"}],"wp:term":[{"taxonomy":"category","embeddable":true,"href":"https:\/\/guapimirim.rj.gov.br\/novosite\/wp-json\/wp\/v2\/categories?post=1327"},{"taxonomy":"post_tag","embeddable":true,"href":"https:\/\/guapimirim.rj.gov.br\/novosite\/wp-json\/wp\/v2\/tags?post=1327"}],"curies":[{"name":"wp","href":"https:\/\/api.w.org\/{rel}","templated":true}]}}