{"id":1154,"date":"2025-07-11T19:08:39","date_gmt":"2025-07-11T22:08:39","guid":{"rendered":"https:\/\/guapimirim.rj.gov.br\/novosite\/?p=1154"},"modified":"2025-07-18T16:46:06","modified_gmt":"2025-07-18T19:46:06","slug":"abertas-as-inscricoes-para-ambulantes-no-festival-de-inverno-2025","status":"publish","type":"post","link":"https:\/\/guapimirim.rj.gov.br\/novosite\/abertas-as-inscricoes-para-ambulantes-no-festival-de-inverno-2025\/","title":{"rendered":"Encerradas as inscri\u00e7\u00f5es para ambulantes no Festival de Inverno 2025"},"content":{"rendered":"<p data-start=\"216\" data-end=\"484\">Encerradas as inscri\u00e7\u00f5es obrigat\u00f3rias para ambulantes que v\u00e3o durante o <strong data-start=\"397\" data-end=\"425\">Festival de Inverno 2025<\/strong>, um dos eventos mais aguardados do ano em nosso munic\u00edpio.<\/p>\n<p data-start=\"486\" data-end=\"825\">\ud83d\udcc5 O festival acontecer\u00e1 de <strong data-start=\"514\" data-end=\"551\">24 de julho a 3 de agosto de 2025<\/strong>, reunindo moradores e turistas em uma grande celebra\u00e7\u00e3o da cultura, gastronomia e m\u00fasica de Guapimirim. Para garantir a seguran\u00e7a, organiza\u00e7\u00e3o e bom funcionamento do evento, <strong data-start=\"726\" data-end=\"824\">somente ambulantes previamente cadastrados e autorizados poder\u00e3o atuar nos espa\u00e7os do festival<\/strong>.<\/p>\n<p data-start=\"1164\" data-end=\"1409\">A participa\u00e7\u00e3o dos ambulantes \u00e9 fundamental para fortalecer o com\u00e9rcio local e enriquecer a experi\u00eancia dos visitantes.<\/p>\n<p data-start=\"1449\" data-end=\"1538\">Para mais informa\u00e7\u00f5es, entre em contato com a Secretaria de Ordem P\u00fablica e Defesa Civil.<\/p>\n","protected":false},"excerpt":{"rendered":"<p>Encerradas as inscri\u00e7\u00f5es obrigat\u00f3rias para ambulantes que v\u00e3o durante o Festival de Inverno 2025, um dos eventos mais aguardados do ano em nosso munic\u00edpio. \ud83d\udcc5 O festival acontecer\u00e1 de 24 de julho a 3 de agosto de 2025, reunindo moradores e turistas em uma grande celebra\u00e7\u00e3o da cultura, gastronomia e m\u00fasica de Guapimirim. Para garantir [&hellip;]<\/p>\n","protected":false},"author":1,"featured_media":1155,"comment_status":"open","ping_status":"open","sticky":false,"template":"","format":"standard","meta":{"footnotes":""},"categories":[33,31],"tags":[],"class_list":["post-1154","post","type-post","status-publish","format-standard","has-post-thumbnail","hentry","category-destaque","category-ordem-publica"],"_links":{"self":[{"href":"https:\/\/guapimirim.rj.gov.br\/novosite\/wp-json\/wp\/v2\/posts\/1154","targetHints":{"allow":["GET"]}}],"collection":[{"href":"https:\/\/guapimirim.rj.gov.br\/novosite\/wp-json\/wp\/v2\/posts"}],"about":[{"href":"https:\/\/guapimirim.rj.gov.br\/novosite\/wp-json\/wp\/v2\/types\/post"}],"author":[{"embeddable":true,"href":"https:\/\/guapimirim.rj.gov.br\/novosite\/wp-json\/wp\/v2\/users\/1"}],"replies":[{"embeddable":true,"href":"https:\/\/guapimirim.rj.gov.br\/novosite\/wp-json\/wp\/v2\/comments?post=1154"}],"version-history":[{"count":5,"href":"https:\/\/guapimirim.rj.gov.br\/novosite\/wp-json\/wp\/v2\/posts\/1154\/revisions"}],"predecessor-version":[{"id":1326,"href":"https:\/\/guapimirim.rj.gov.br\/novosite\/wp-json\/wp\/v2\/posts\/1154\/revisions\/1326"}],"wp:featuredmedia":[{"embeddable":true,"href":"https:\/\/guapimirim.rj.gov.br\/novosite\/wp-json\/wp\/v2\/media\/1155"}],"wp:attachment":[{"href":"https:\/\/guapimirim.rj.gov.br\/novosite\/wp-json\/wp\/v2\/media?parent=1154"}],"wp:term":[{"taxonomy":"category","embeddable":true,"href":"https:\/\/guapimirim.rj.gov.br\/novosite\/wp-json\/wp\/v2\/categories?post=1154"},{"taxonomy":"post_tag","embeddable":true,"href":"https:\/\/guapimirim.rj.gov.br\/novosite\/wp-json\/wp\/v2\/tags?post=1154"}],"curies":[{"name":"wp","href":"https:\/\/api.w.org\/{rel}","templated":true}]}}