{"id":1144,"date":"2025-07-07T19:02:26","date_gmt":"2025-07-07T22:02:26","guid":{"rendered":"https:\/\/guapimirim.rj.gov.br\/novosite\/?p=1144"},"modified":"2025-07-16T22:05:31","modified_gmt":"2025-07-17T01:05:31","slug":"1144-2","status":"publish","type":"post","link":"https:\/\/guapimirim.rj.gov.br\/novosite\/1144-2\/","title":{"rendered":"Guapi Festeja Viseu teve m\u00fasica, dan\u00e7a, sabores e sorrisos"},"content":{"rendered":"\r\n<p>A Pra\u00e7a da Cotia se transformou num palco de verdadeira celebra\u00e7\u00e3o de la\u00e7os e tradi\u00e7\u00f5es neste fim de semana, marcando a 2\u00aa edi\u00e7\u00e3o do\u00a0<strong>Guapi Festeja Viseu<\/strong>, em Guapimirim. Com clima acolhedor, fam\u00edlias inteiras ocuparam o espa\u00e7o p\u00fablico para viver duas noites especiais, embaladas por m\u00fasica, dan\u00e7a, sabores e sorrisos \u2014 uma mistura perfeita entre o calor do povo brasileiro e a heran\u00e7a cultural portuguesa.<\/p>\r\n\r\n\r\n\r\n<p>O ponto alto foi o show do cantor portugu\u00eas\u00a0<strong>Morais<\/strong>, que trouxe a energia pop de Viseu direto para o palco de Guapi. Jovem, carism\u00e1tico e vers\u00e1til, Morais emocionou com o repert\u00f3rio que misturou influ\u00eancias modernas com a alma da nova m\u00fasica portuguesa \u2014 e foi recebido com entusiasmo pelos guapimirienses.<\/p>\r\n\r\n\r\n\r\n<figure class=\"wp-block-gallery has-nested-images columns-default is-cropped wp-block-gallery-1 is-layout-flex wp-block-gallery-is-layout-flex\">\r\n<figure class=\"wp-block-image size-large\"><img fetchpriority=\"high\" decoding=\"async\" width=\"413\" height=\"275\" data-id=\"1148\" class=\"wp-image-1148\" src=\"https:\/\/guapimirim.rj.gov.br\/novosite\/wp-content\/uploads\/2025\/07\/festeja-7.jpg\" alt=\"\" srcset=\"https:\/\/guapimirim.rj.gov.br\/novosite\/wp-content\/uploads\/2025\/07\/festeja-7.jpg 413w, https:\/\/guapimirim.rj.gov.br\/novosite\/wp-content\/uploads\/2025\/07\/festeja-7-300x200.jpg 300w\" sizes=\"(max-width: 413px) 100vw, 413px\" \/><\/figure>\r\n\r\n\r\n\r\n<figure class=\"wp-block-image size-large\"><img decoding=\"async\" width=\"413\" height=\"275\" data-id=\"1152\" class=\"wp-image-1152\" src=\"https:\/\/guapimirim.rj.gov.br\/novosite\/wp-content\/uploads\/2025\/07\/festeja-11.jpg\" alt=\"\" srcset=\"https:\/\/guapimirim.rj.gov.br\/novosite\/wp-content\/uploads\/2025\/07\/festeja-11.jpg 413w, https:\/\/guapimirim.rj.gov.br\/novosite\/wp-content\/uploads\/2025\/07\/festeja-11-300x200.jpg 300w\" sizes=\"(max-width: 413px) 100vw, 413px\" \/><\/figure>\r\n\r\n\r\n\r\n<figure class=\"wp-block-image size-large\"><img decoding=\"async\" width=\"413\" height=\"275\" data-id=\"1151\" class=\"wp-image-1151\" src=\"https:\/\/guapimirim.rj.gov.br\/novosite\/wp-content\/uploads\/2025\/07\/festeja-10.jpg\" alt=\"\" srcset=\"https:\/\/guapimirim.rj.gov.br\/novosite\/wp-content\/uploads\/2025\/07\/festeja-10.jpg 413w, https:\/\/guapimirim.rj.gov.br\/novosite\/wp-content\/uploads\/2025\/07\/festeja-10-300x200.jpg 300w\" sizes=\"(max-width: 413px) 100vw, 413px\" \/><\/figure>\r\n\r\n\r\n\r\n<figure class=\"wp-block-image size-large\"><img loading=\"lazy\" decoding=\"async\" width=\"413\" height=\"275\" data-id=\"1150\" class=\"wp-image-1150\" src=\"https:\/\/guapimirim.rj.gov.br\/novosite\/wp-content\/uploads\/2025\/07\/festeja-9.jpg\" alt=\"\" srcset=\"https:\/\/guapimirim.rj.gov.br\/novosite\/wp-content\/uploads\/2025\/07\/festeja-9.jpg 413w, https:\/\/guapimirim.rj.gov.br\/novosite\/wp-content\/uploads\/2025\/07\/festeja-9-300x200.jpg 300w\" sizes=\"(max-width: 413px) 100vw, 413px\" \/><\/figure>\r\n\r\n\r\n\r\n<figure class=\"wp-block-image size-large\"><img loading=\"lazy\" decoding=\"async\" width=\"413\" height=\"275\" data-id=\"1149\" class=\"wp-image-1149\" src=\"https:\/\/guapimirim.rj.gov.br\/novosite\/wp-content\/uploads\/2025\/07\/festeja-8.jpg\" alt=\"\" srcset=\"https:\/\/guapimirim.rj.gov.br\/novosite\/wp-content\/uploads\/2025\/07\/festeja-8.jpg 413w, https:\/\/guapimirim.rj.gov.br\/novosite\/wp-content\/uploads\/2025\/07\/festeja-8-300x200.jpg 300w\" sizes=\"(max-width: 413px) 100vw, 413px\" \/><\/figure>\r\n\r\n\r\n\r\n<figure class=\"wp-block-image size-large\"><img loading=\"lazy\" decoding=\"async\" width=\"413\" height=\"275\" data-id=\"1147\" class=\"wp-image-1147\" src=\"https:\/\/guapimirim.rj.gov.br\/novosite\/wp-content\/uploads\/2025\/07\/festeja-6.jpg\" alt=\"\" srcset=\"https:\/\/guapimirim.rj.gov.br\/novosite\/wp-content\/uploads\/2025\/07\/festeja-6.jpg 413w, https:\/\/guapimirim.rj.gov.br\/novosite\/wp-content\/uploads\/2025\/07\/festeja-6-300x200.jpg 300w\" sizes=\"(max-width: 413px) 100vw, 413px\" \/><\/figure>\r\n\r\n\r\n\r\n<figure class=\"wp-block-image size-large\"><img loading=\"lazy\" decoding=\"async\" width=\"413\" height=\"275\" data-id=\"1146\" class=\"wp-image-1146\" src=\"https:\/\/guapimirim.rj.gov.br\/novosite\/wp-content\/uploads\/2025\/07\/festeja-5.jpg\" alt=\"\" srcset=\"https:\/\/guapimirim.rj.gov.br\/novosite\/wp-content\/uploads\/2025\/07\/festeja-5.jpg 413w, https:\/\/guapimirim.rj.gov.br\/novosite\/wp-content\/uploads\/2025\/07\/festeja-5-300x200.jpg 300w\" sizes=\"(max-width: 413px) 100vw, 413px\" \/><\/figure>\r\n\r\n\r\n\r\n<figure class=\"wp-block-image size-large\"><img loading=\"lazy\" decoding=\"async\" width=\"413\" height=\"275\" data-id=\"1145\" class=\"wp-image-1145\" src=\"https:\/\/guapimirim.rj.gov.br\/novosite\/wp-content\/uploads\/2025\/07\/festeja-4.jpg\" alt=\"\" srcset=\"https:\/\/guapimirim.rj.gov.br\/novosite\/wp-content\/uploads\/2025\/07\/festeja-4.jpg 413w, https:\/\/guapimirim.rj.gov.br\/novosite\/wp-content\/uploads\/2025\/07\/festeja-4-300x200.jpg 300w\" sizes=\"(max-width: 413px) 100vw, 413px\" \/><\/figure>\r\n<\/figure>\r\n\r\n\r\n\r\n<p>\u201c\u00c9 lindo ver a pra\u00e7a cheia, com fam\u00edlias reunidas, crian\u00e7as brincando e a cultura sendo vivida com tanto carinho. Pra quem n\u00e3o sabe, temos aqui a Casa de Viseu, uma casa portuguesa, e com esse evento a gente celebra a conex\u00e3o de Guapimirim com o distrito de Viseu. Esse evento foi pensado para resgatar essa cultura que faz parte da nossa cidade. Nesse primeiro dia, a gente consegue mostrar ao p\u00fablico a qualidade da culin\u00e1ria e dos vinhos do D\u00e3o, trazendo m\u00fasica, cultura, arte e tudo aquilo que remete \u00e0 Portugal\u201d, celebra a prefeita Marina Rocha esteve em cada setor da festa acompanhada do vice-prefeito, Natal\u00edcio Corr\u00eaa, e amigos.<\/p>\r\n\r\n\r\n\r\n<p>A Orquestra Adorasom aqueceu a festa com cl\u00e1ssicos e contempor\u00e2neos da m\u00fasica popular, arrancando elogios de quem esteve presente.<\/p>\r\n\r\n\r\n\r\n<p>A festa\u00a0 contou com uma programa\u00e7\u00e3o intensa e gratuita para todas as idades. Teve\u00a0<strong>aula-show do Chef Renato Torquato<\/strong>, que preparou ao vivo o tradicional\u00a0<strong>Arroz de Pato<\/strong>, prato t\u00edpico portugu\u00eas. Ao longo desses dois dias, o p\u00fablico p\u00f4de curtir\u00a0<strong>m\u00fasica ao vivo<\/strong>,\u00a0<strong>feira de artesanato<\/strong>,\u00a0<strong>exposi\u00e7\u00e3o fotogr\u00e1fica<\/strong>,\u00a0<strong>quadrilha infantil<\/strong>,\u00a0<strong>dan\u00e7as portuguesas<\/strong>,\u00a0<strong>capoeira<\/strong>\u00a0e muitas outras variedades. O\u00a0<strong>Rancho Folcl\u00f3rico Portugu\u00eas<\/strong>\u00a0emocionou o p\u00fablico com trajes t\u00edpicos, coreografias e a for\u00e7a da tradi\u00e7\u00e3o lusa. Encerrando o evento, teve show da cantora\u00a0<strong>Bruna Santos<\/strong>, com participa\u00e7\u00e3o especial de Morais.<\/p>\r\n\r\n\r\n\r\n<h2 class=\"wp-block-heading\"><strong>Conex\u00e3o entre cidades-irm\u00e3s: Guapimirim e Viseu<\/strong><\/h2>\r\n\r\n\r\n\r\n<p>Inspirado na tradicional\u00a0<strong>Feira de S\u00e3o Mateus<\/strong>, que acontece h\u00e1 mais de 600 anos em\u00a0<strong>Viseu, Portugal<\/strong>, o festival foi criado para celebrar as semelhan\u00e7as culturais, gastron\u00f4micas e humanas entre os dois munic\u00edpios. De um lado, Guapimirim, na Regi\u00e3o da Serra Verde Imperial do Estado do Rio de Janeiro, famosa por abrigar o cart\u00e3o-postal natural\u00a0<strong>Dedo de Deus<\/strong>\u00a0e a sede campestre da Casa de Viseu. Do outro, Viseu, no cora\u00e7\u00e3o de Portugal, terra de vinhos do D\u00e3o, m\u00fasica tradicional e rica heran\u00e7a hist\u00f3rica.<\/p>\r\n","protected":false},"excerpt":{"rendered":"<p>A Pra\u00e7a da Cotia se transformou num palco de verdadeira celebra\u00e7\u00e3o de la\u00e7os e tradi\u00e7\u00f5es neste fim de semana, marcando a 2\u00aa edi\u00e7\u00e3o do\u00a0Guapi Festeja Viseu, em Guapimirim. Com clima acolhedor, fam\u00edlias inteiras ocuparam o espa\u00e7o p\u00fablico para viver duas noites especiais, embaladas por m\u00fasica, dan\u00e7a, sabores e sorrisos \u2014 uma mistura perfeita entre o [&hellip;]<\/p>\n","protected":false},"author":1,"featured_media":1148,"comment_status":"open","ping_status":"open","sticky":false,"template":"","format":"standard","meta":{"footnotes":""},"categories":[33,27],"tags":[],"class_list":["post-1144","post","type-post","status-publish","format-standard","has-post-thumbnail","hentry","category-destaque","category-turismo"],"_links":{"self":[{"href":"https:\/\/guapimirim.rj.gov.br\/novosite\/wp-json\/wp\/v2\/posts\/1144","targetHints":{"allow":["GET"]}}],"collection":[{"href":"https:\/\/guapimirim.rj.gov.br\/novosite\/wp-json\/wp\/v2\/posts"}],"about":[{"href":"https:\/\/guapimirim.rj.gov.br\/novosite\/wp-json\/wp\/v2\/types\/post"}],"author":[{"embeddable":true,"href":"https:\/\/guapimirim.rj.gov.br\/novosite\/wp-json\/wp\/v2\/users\/1"}],"replies":[{"embeddable":true,"href":"https:\/\/guapimirim.rj.gov.br\/novosite\/wp-json\/wp\/v2\/comments?post=1144"}],"version-history":[{"count":3,"href":"https:\/\/guapimirim.rj.gov.br\/novosite\/wp-json\/wp\/v2\/posts\/1144\/revisions"}],"predecessor-version":[{"id":1161,"href":"https:\/\/guapimirim.rj.gov.br\/novosite\/wp-json\/wp\/v2\/posts\/1144\/revisions\/1161"}],"wp:featuredmedia":[{"embeddable":true,"href":"https:\/\/guapimirim.rj.gov.br\/novosite\/wp-json\/wp\/v2\/media\/1148"}],"wp:attachment":[{"href":"https:\/\/guapimirim.rj.gov.br\/novosite\/wp-json\/wp\/v2\/media?parent=1144"}],"wp:term":[{"taxonomy":"category","embeddable":true,"href":"https:\/\/guapimirim.rj.gov.br\/novosite\/wp-json\/wp\/v2\/categories?post=1144"},{"taxonomy":"post_tag","embeddable":true,"href":"https:\/\/guapimirim.rj.gov.br\/novosite\/wp-json\/wp\/v2\/tags?post=1144"}],"curies":[{"name":"wp","href":"https:\/\/api.w.org\/{rel}","templated":true}]}}