{"id":1141,"date":"2025-05-30T18:53:00","date_gmt":"2025-05-30T21:53:00","guid":{"rendered":"https:\/\/guapimirim.rj.gov.br\/novosite\/?p=1141"},"modified":"2025-07-16T22:05:26","modified_gmt":"2025-07-17T01:05:26","slug":"vem-ai-a-feira-literaria-de-guapimirim-e-aqui-voce-confere-a-programacao-completa","status":"publish","type":"post","link":"https:\/\/guapimirim.rj.gov.br\/novosite\/vem-ai-a-feira-literaria-de-guapimirim-e-aqui-voce-confere-a-programacao-completa\/","title":{"rendered":"Vem a\u00ed a Feira Liter\u00e1ria de Guapimirim e aqui voc\u00ea confere a programa\u00e7\u00e3o completa"},"content":{"rendered":"\n<p>ntre os dias 04 e 08 de junho de 2025, a cidade de Guapimirim vai receber a FLIG \u2013 Feira Liter\u00e1ria de Guapimirim, um evento que promete unir livros, saberes, arte e meio ambiente em uma programa\u00e7\u00e3o diversa e gratuita para todos os p\u00fablicos. Com o tema \u201cLiteratura e Natureza: Nossas Ra\u00edzes, Nossas Hist\u00f3rias\u201d, a edi\u00e7\u00e3o deste ano busca valorizar as express\u00f5es culturais locais, a leitura como instrumento de transforma\u00e7\u00e3o social e a conex\u00e3o entre palavra e territ\u00f3rio.<\/p>\n\n\n\n<p>A FLIG contar\u00e1 com uma agenda recheada de conta\u00e7\u00f5es de hist\u00f3rias, lan\u00e7amentos de livros, oficinas, rodas de conversa, apresenta\u00e7\u00f5es art\u00edsticas e atra\u00e7\u00f5es para crian\u00e7as, jovens e adultos. A feira tamb\u00e9m abre espa\u00e7o para autores independentes, educadores e artistas da regi\u00e3o. O evento ser\u00e1 realizado na Rua Edgard Barbosa, 287 \u2013 Parada Modelo (antigo Posto do Nelson), com entrada gratuita. Escolas, fam\u00edlias e visitantes de toda a regi\u00e3o s\u00e3o convidados a participar.<\/p>\n\n\n\n<p>Confira a programa\u00e7\u00e3o completa:<\/p>\n\n\n\n<p><strong>DIA 04 DE JUNHO<\/strong><\/p>\n\n\n\n<figure class=\"wp-block-table\"><table class=\"has-fixed-layout\"><thead><tr><td><strong>Hor\u00e1rio<\/strong><\/td><td><strong>Atra\u00e7\u00e3o<\/strong><\/td><\/tr><\/thead><tbody><tr><td>8h<\/td><td>Abertura dos Stands<\/td><\/tr><tr><td>8h<\/td><td>Brinquedos Cantados com Rodrigo Lobo \u2013&nbsp;<strong>Infantil<\/strong><\/td><\/tr><tr><td>8h30<\/td><td>O Canto dessa cidade sou eu com Matheus Falc\u00e3o &amp; Bruna Santos \u2013&nbsp;<strong>Livre<\/strong><\/td><\/tr><tr><td>9h<\/td><td>Espet\u00e1culo Teatral \u201cA Po\u00e7\u00e3o M\u00e1gica\u201d \u2013&nbsp;<strong>Infantil<\/strong><\/td><\/tr><tr><td>9h40<\/td><td>Ritmos da nossa Terra com Soraia Falc\u00e3o \u2013&nbsp;<strong>Livre<\/strong><\/td><\/tr><tr><td>10h10<\/td><td>Espet\u00e1culo Musical com Tio Bernardo e Tia Barbara \u2013&nbsp;<strong>Infantil<\/strong><\/td><\/tr><tr><td>11h<\/td><td>Ballet da Secretaria de Cultura de Guapimirim \u2013&nbsp;<strong>Livre<\/strong><\/td><\/tr><tr><td>13h10<\/td><td>Coral Renascer \u2013&nbsp;<strong>Livre<\/strong><\/td><\/tr><tr><td>13h40<\/td><td>Oficinas Art\u00edsticas da Secretaria de Cultura \u2013&nbsp;<strong>Livre<\/strong><\/td><\/tr><tr><td>14h<\/td><td>Homenagem ao autor Daniel Munduruku \u2013&nbsp;<strong>Livre<\/strong><\/td><\/tr><tr><td>14h30<\/td><td>Apresenta\u00e7\u00e3o Cultural \u2013&nbsp;<strong>Livre<\/strong><\/td><\/tr><tr><td>15h30<\/td><td>Territ\u00f3rios Liter\u00e1rios \u2013 Vozes da Nossa Terra com Alex Lobo &amp; Thyago Pena \u2013&nbsp;<strong>Livre<\/strong><\/td><\/tr><tr><td>16h30<\/td><td>Happy Hour com Adolfo Cruz \u2013&nbsp;<strong>Livre<\/strong><\/td><\/tr><tr><td>18h<\/td><td>Abertura Solene + Fala das autoridades + Homenagens<\/td><\/tr><tr><td>18h30<\/td><td>Palestra: \u201cConhecer, Amar e Preservar: Hist\u00f3rias e Mem\u00f3rias de Guapimirim\u201d \u2013 Rafael Coelho<\/td><\/tr><tr><td>19h<\/td><td>Show de Abertura \u2013 Espet\u00e1culo Teatral com Professores e Gestores da Rede P\u00fablica de Ensino<\/td><\/tr><\/tbody><\/table><\/figure>\n\n\n\n<p><strong>DIA 05 DE JUNHO<\/strong><\/p>\n\n\n\n<figure class=\"wp-block-table\"><table class=\"has-fixed-layout\"><thead><tr><td><strong>Hor\u00e1rio<\/strong><\/td><td><strong>Atra\u00e7\u00e3o<\/strong><\/td><\/tr><\/thead><tbody><tr><td>8h<\/td><td>\u201cAlegria \u00e9 coisa nossa!\u201d com Equipe Agita\u00e7\u00e3o \u2013&nbsp;<strong>Infantil<\/strong><\/td><\/tr><tr><td>9h<\/td><td>Oficinas Art\u00edsticas da Secretaria de Cultura \u2013&nbsp;<strong>Livre<\/strong><\/td><\/tr><tr><td>9h30<\/td><td>Espet\u00e1culo Teatral: \u201cO Mist\u00e9rio da Floresta\u201d + Distribui\u00e7\u00e3o de mudas \u2013&nbsp;<strong>Infantil<\/strong><\/td><\/tr><tr><td>10h10<\/td><td>Companhia de Dan\u00e7a Pole Star \u2013&nbsp;<strong>Infantil<\/strong><\/td><\/tr><tr><td>10h30<\/td><td>Territ\u00f3rios Liter\u00e1rios \u2013 Vozes da Nossa Terra com Michelle Carvalho &amp; Luciana Brito \u2013&nbsp;<strong>Livre<\/strong><\/td><\/tr><tr><td>13h10<\/td><td>\u201cDivers\u00e3o \u00e9 coisa nossa!\u201d com Equipe Agita\u00e7\u00e3o \u2013&nbsp;<strong>Infantil<\/strong><\/td><\/tr><tr><td>13h40<\/td><td>Premia\u00e7\u00e3o do Concurso de Fotografia \u201cBelezas da Nossa Terra\u201d \u2013&nbsp;<strong>Livre<\/strong><\/td><\/tr><tr><td>14h<\/td><td>Show de M\u00e1gicas com Wellington Cross \u2013&nbsp;<strong>Infantil<\/strong><\/td><\/tr><tr><td>14h40<\/td><td>Espet\u00e1culo Teatral \u201cO Rei Le\u00e3o\u201d com Agita\u00e7\u00e3o \u2013&nbsp;<strong>Infantil<\/strong><\/td><\/tr><tr><td>15h30<\/td><td>O Canto dessa cidade sou eu com Romulo Loves &amp; Dion \u2013&nbsp;<strong>Livre<\/strong><\/td><\/tr><tr><td>16h30<\/td><td>Sess\u00e3o Cinema \u201cN\u00e3o Pise na Bola!\u201d \u2013&nbsp;<strong>Livre<\/strong><\/td><\/tr><tr><td>17h<\/td><td>Sarau Liter\u00e1rio \u2013&nbsp;<strong>Livre<\/strong><\/td><\/tr><tr><td>19h<\/td><td>Espet\u00e1culo Teatral \u2013&nbsp;<strong>Classifica\u00e7\u00e3o 14 anos<\/strong><\/td><\/tr><\/tbody><\/table><\/figure>\n\n\n\n<p><strong><br>DIA 06 DE JUNHO<\/strong><strong><\/strong><\/p>\n\n\n\n<figure class=\"wp-block-table\"><table class=\"has-fixed-layout\"><thead><tr><td><strong>Hor\u00e1rio<\/strong><\/td><td><strong>Atra\u00e7\u00e3o<\/strong><\/td><\/tr><\/thead><tbody><tr><td>8h<\/td><td>Espet\u00e1culo Teatral \u201cBoneca de Pano e seus Amigos\u201d \u2013&nbsp;<strong>Infantil<\/strong><\/td><\/tr><tr><td>9h<\/td><td>\u201cAgita\u00e7\u00e3o \u2013 O Musical\u201d \u2013&nbsp;<strong>Infantil<\/strong><\/td><\/tr><tr><td>10h<\/td><td>Espet\u00e1culo Teatral \u201cOs Saltimbancos\u201d \u2013&nbsp;<strong>Infantil<\/strong><\/td><\/tr><tr><td>10h30<\/td><td>Banda Marcial Ilza Junger Pacheco \u2013&nbsp;<strong>Livre<\/strong><\/td><\/tr><tr><td>11h<\/td><td>Territ\u00f3rios Liter\u00e1rios \u2013 Vozes da Nossa Terra com Tatiana Costa &amp; Elaine Alves \u2013&nbsp;<strong>Livre<\/strong><\/td><\/tr><tr><td>13h10<\/td><td>\u201cAgita\u00e7\u00e3o \u00e9 coisa nossa!\u201d \u2013&nbsp;<strong>Infantil<\/strong><\/td><\/tr><tr><td>13h50<\/td><td>\u201cDeixa que eu Dan\u00e7o!\u201d (intera\u00e7\u00e3o) \u2013&nbsp;<strong>Infantil<\/strong><\/td><\/tr><tr><td>14h10<\/td><td>Espet\u00e1culo Teatral \u201cO Casamento da Dona Baratinha\u201d \u2013&nbsp;<strong>Infantil<\/strong><\/td><\/tr><tr><td>16h<\/td><td>O Canto dessa cidade sou eu com Alexandre Barros \u2013&nbsp;<strong>Livre<\/strong><\/td><\/tr><tr><td>19h<\/td><td>Show Musical \u2013&nbsp;<strong>Livre<\/strong><\/td><\/tr><\/tbody><\/table><\/figure>\n\n\n\n<p><strong><br>DIA 07 DE JUNHO<\/strong><strong><\/strong><\/p>\n\n\n\n<figure class=\"wp-block-table\"><table class=\"has-fixed-layout\"><thead><tr><td><strong>Hor\u00e1rio<\/strong><\/td><td><strong>Atra\u00e7\u00e3o<\/strong><\/td><td><strong>Categoria<\/strong><\/td><\/tr><\/thead><tbody><tr><td>8h<\/td><td>O Canto dessa cidade sou eu com Gabi Santo\u2019s<\/td><td>Juvenil<\/td><\/tr><tr><td>8h50<\/td><td>Apresenta\u00e7\u00e3o Cultural Banda Marcial Drag\u00f5es da Ac\u00e1cia<\/td><td>Juvenil<\/td><\/tr><tr><td>9h30<\/td><td>Apresenta\u00e7\u00e3o Cultural com SD ALLEGRO Studio de Dan\u00e7a<\/td><td>Juvenil<\/td><\/tr><tr><td>9h50<\/td><td>Apresenta\u00e7\u00e3o Cultural com \u00cdrio Lima<\/td><td>Juvenil<\/td><\/tr><tr><td>10h40<\/td><td>Talk Show&nbsp;<em>Gol de Placa<\/em>&nbsp;com Victor Madureira<\/td><td>Juvenil<\/td><\/tr><tr><td>11h20<\/td><td><em>Happy Hour Sons da Minha Terra<\/em>&nbsp;com Magal<\/td><td>Juvenil<\/td><\/tr><tr><td>13h<\/td><td>Territ\u00f3rios Liter\u00e1rios \u2013&nbsp;<em>Vozes da Nossa Terra<\/em>&nbsp;com Eros Ferreira &amp; Dr. Luiz Filho<\/td><td>Juvenil<\/td><\/tr><tr><td>14h<\/td><td>O Canto dessa cidade sou eu com CDC<\/td><td>Juvenil<\/td><\/tr><tr><td>15h<\/td><td>Talk Show com&nbsp;<em>Pensamentos e Rimas<\/em><\/td><td>Juvenil<\/td><\/tr><tr><td>16h20<\/td><td>Territ\u00f3rios Liter\u00e1rios \u2013&nbsp;<em>Vozes da Nossa Terra<\/em>&nbsp;com Ivanir dos Santos e Lucimar Felisberto<\/td><td>Juvenil<\/td><\/tr><tr><td>17h<\/td><td><em>Conversas com Versos<\/em>&nbsp;com Dem\u00e9trio Sena, Adeir da Silva e Jeorgelina de Aguiar \u2013 Coral Em Canto Guapi<\/td><td>Livre<\/td><\/tr><\/tbody><\/table><\/figure>\n\n\n\n<p><strong><br>DIA 08 DE JUNHO<\/strong><strong><\/strong><\/p>\n\n\n\n<figure class=\"wp-block-table\"><table class=\"has-fixed-layout\"><thead><tr><td><strong>Hor\u00e1rio<\/strong><\/td><td><strong>Atra\u00e7\u00e3o<\/strong><\/td><td><strong>Categoria<\/strong><\/td><\/tr><\/thead><tbody><tr><td>8h<\/td><td>Abertura dos stands<\/td><td>Livre<\/td><\/tr><tr><td>9h<\/td><td>Apresenta\u00e7\u00e3o Cultural Studio Bravo<\/td><td>Livre<\/td><\/tr><tr><td>9h30<\/td><td>Apresenta\u00e7\u00e3o Cultural Capoeira Abad\u00e1 com Mestre Dougl\u00e3o<\/td><td>Livre<\/td><\/tr><tr><td>10h<\/td><td>Show de Talentos<\/td><td>Juvenil<\/td><\/tr><tr><td>13h<\/td><td>Show de Talentos<\/td><td>Infantil<\/td><\/tr><tr><td>15h<\/td><td>Apresenta\u00e7\u00e3o Cultural&nbsp;<em>Nossas Ra\u00edzes, Nossas Hist\u00f3rias<\/em>&nbsp;com Jackson Antunes e Z\u00e9V\u00edtor<\/td><td>Livre<\/td><\/tr><tr><td>15h50<\/td><td>Momento Gastron\u00f4mico&nbsp;<em>Guapi que d\u00e1 gosto!<\/em><\/td><td>Livre<\/td><\/tr><tr><td>17h<\/td><td>Encerramento<\/td><td>Livre<\/td><\/tr><\/tbody><\/table><\/figure>\n","protected":false},"excerpt":{"rendered":"<p>ntre os dias 04 e 08 de junho de 2025, a cidade de Guapimirim vai receber a FLIG \u2013 Feira Liter\u00e1ria de Guapimirim, um evento que promete unir livros, saberes, arte e meio ambiente em uma programa\u00e7\u00e3o diversa e gratuita para todos os p\u00fablicos. Com o tema \u201cLiteratura e Natureza: Nossas Ra\u00edzes, Nossas Hist\u00f3rias\u201d, a [&hellip;]<\/p>\n","protected":false},"author":1,"featured_media":1142,"comment_status":"open","ping_status":"open","sticky":false,"template":"","format":"standard","meta":{"footnotes":""},"categories":[33,30],"tags":[],"class_list":["post-1141","post","type-post","status-publish","format-standard","has-post-thumbnail","hentry","category-destaque","category-educacao"],"_links":{"self":[{"href":"https:\/\/guapimirim.rj.gov.br\/novosite\/wp-json\/wp\/v2\/posts\/1141","targetHints":{"allow":["GET"]}}],"collection":[{"href":"https:\/\/guapimirim.rj.gov.br\/novosite\/wp-json\/wp\/v2\/posts"}],"about":[{"href":"https:\/\/guapimirim.rj.gov.br\/novosite\/wp-json\/wp\/v2\/types\/post"}],"author":[{"embeddable":true,"href":"https:\/\/guapimirim.rj.gov.br\/novosite\/wp-json\/wp\/v2\/users\/1"}],"replies":[{"embeddable":true,"href":"https:\/\/guapimirim.rj.gov.br\/novosite\/wp-json\/wp\/v2\/comments?post=1141"}],"version-history":[{"count":1,"href":"https:\/\/guapimirim.rj.gov.br\/novosite\/wp-json\/wp\/v2\/posts\/1141\/revisions"}],"predecessor-version":[{"id":1143,"href":"https:\/\/guapimirim.rj.gov.br\/novosite\/wp-json\/wp\/v2\/posts\/1141\/revisions\/1143"}],"wp:featuredmedia":[{"embeddable":true,"href":"https:\/\/guapimirim.rj.gov.br\/novosite\/wp-json\/wp\/v2\/media\/1142"}],"wp:attachment":[{"href":"https:\/\/guapimirim.rj.gov.br\/novosite\/wp-json\/wp\/v2\/media?parent=1141"}],"wp:term":[{"taxonomy":"category","embeddable":true,"href":"https:\/\/guapimirim.rj.gov.br\/novosite\/wp-json\/wp\/v2\/categories?post=1141"},{"taxonomy":"post_tag","embeddable":true,"href":"https:\/\/guapimirim.rj.gov.br\/novosite\/wp-json\/wp\/v2\/tags?post=1141"}],"curies":[{"name":"wp","href":"https:\/\/api.w.org\/{rel}","templated":true}]}}